{"id":17991,"date":"2025-06-01T21:22:15","date_gmt":"2025-06-01T19:22:15","guid":{"rendered":"https:\/\/wgphoto.pl\/t\/?p=17991"},"modified":"2025-06-01T21:22:15","modified_gmt":"2025-06-01T19:22:15","slug":"dobre-tory-to-za-malo","status":"publish","type":"post","link":"https:\/\/wgphoto.pl\/t\/?p=17991","title":{"rendered":"Dobre tory to za ma\u0142o"},"content":{"rendered":"\n<figure class=\"wp-block-image aligncenter size-full\"><img loading=\"lazy\" decoding=\"async\" width=\"1300\" height=\"870\" src=\"https:\/\/wgphoto.pl\/t\/wp-content\/uploads\/2025\/06\/IMGP6564.jpg\" alt=\"\" class=\"wp-image-17993\" srcset=\"https:\/\/wgphoto.pl\/t\/wp-content\/uploads\/2025\/06\/IMGP6564.jpg 1300w, https:\/\/wgphoto.pl\/t\/wp-content\/uploads\/2025\/06\/IMGP6564-300x201.jpg 300w, https:\/\/wgphoto.pl\/t\/wp-content\/uploads\/2025\/06\/IMGP6564-768x514.jpg 768w\" sizes=\"auto, (max-width: 1300px) 100vw, 1300px\" \/><\/figure>\n\n\n\n<div class=\"wp-block-group has-global-padding is-layout-constrained wp-block-group-is-layout-constrained\">\n<p>Gliwice, ul. Ignacego Daszy\u0144skiego. 105Na 461 zje\u017cd\u017ca pod wiecz\u00f3r do zajezdni. Nawet wyj\u0105tkowo dobre tory jak na \u00f3wczesny GOP nie uratowa\u0142y gliwickiej <em>czw\u00f3rki<\/em>. 2009-07-06<\/p>\n<\/div>\n","protected":false},"excerpt":{"rendered":"<p>Gliwice, ul. Ignacego Daszy\u0144skiego. 105Na 461 zje\u017cd\u017ca pod wiecz\u00f3r do zajezdni. Nawet wyj\u0105tkowo dobre tory jak na \u00f3wczesny GOP nie uratowa\u0142y gliwickiej czw\u00f3rki. 2009-07-06<\/p>\n","protected":false},"author":1,"featured_media":17993,"comment_status":"open","ping_status":"","sticky":false,"template":"","format":"standard","meta":{"footnotes":""},"categories":[169,3],"tags":[155,1079,1080,277,27,279],"class_list":["post-17991","post","type-post","status-publish","format-standard","has-post-thumbnail","hentry","category-rok-2009","category-tramwaj","tag-105na","tag-2009-07-06","tag-gliwice","tag-gop","tag-polska","tag-tramwaje-slaskie"],"_links":{"self":[{"href":"https:\/\/wgphoto.pl\/t\/index.php?rest_route=\/wp\/v2\/posts\/17991","targetHints":{"allow":["GET"]}}],"collection":[{"href":"https:\/\/wgphoto.pl\/t\/index.php?rest_route=\/wp\/v2\/posts"}],"about":[{"href":"https:\/\/wgphoto.pl\/t\/index.php?rest_route=\/wp\/v2\/types\/post"}],"author":[{"embeddable":true,"href":"https:\/\/wgphoto.pl\/t\/index.php?rest_route=\/wp\/v2\/users\/1"}],"replies":[{"embeddable":true,"href":"https:\/\/wgphoto.pl\/t\/index.php?rest_route=%2Fwp%2Fv2%2Fcomments&post=17991"}],"version-history":[{"count":1,"href":"https:\/\/wgphoto.pl\/t\/index.php?rest_route=\/wp\/v2\/posts\/17991\/revisions"}],"predecessor-version":[{"id":17994,"href":"https:\/\/wgphoto.pl\/t\/index.php?rest_route=\/wp\/v2\/posts\/17991\/revisions\/17994"}],"wp:featuredmedia":[{"embeddable":true,"href":"https:\/\/wgphoto.pl\/t\/index.php?rest_route=\/wp\/v2\/media\/17993"}],"wp:attachment":[{"href":"https:\/\/wgphoto.pl\/t\/index.php?rest_route=%2Fwp%2Fv2%2Fmedia&parent=17991"}],"wp:term":[{"taxonomy":"category","embeddable":true,"href":"https:\/\/wgphoto.pl\/t\/index.php?rest_route=%2Fwp%2Fv2%2Fcategories&post=17991"},{"taxonomy":"post_tag","embeddable":true,"href":"https:\/\/wgphoto.pl\/t\/index.php?rest_route=%2Fwp%2Fv2%2Ftags&post=17991"}],"curies":[{"name":"wp","href":"https:\/\/api.w.org\/{rel}","templated":true}]}}