{"id":17995,"date":"2025-06-01T21:23:35","date_gmt":"2025-06-01T19:23:35","guid":{"rendered":"https:\/\/wgphoto.pl\/t\/?p=17995"},"modified":"2025-06-01T21:23:35","modified_gmt":"2025-06-01T19:23:35","slug":"wszyscy-swieci-juz-na-tramwaj-nie-patrza","status":"publish","type":"post","link":"https:\/\/wgphoto.pl\/t\/?p=17995","title":{"rendered":"Wszyscy \u015awi\u0119ci ju\u017c na tramwaj nie patrz\u0105"},"content":{"rendered":"\n<figure class=\"wp-block-image aligncenter size-full\"><img loading=\"lazy\" decoding=\"async\" width=\"773\" height=\"1000\" src=\"https:\/\/wgphoto.pl\/t\/wp-content\/uploads\/2025\/06\/IMGP6560-1.jpg\" alt=\"\" class=\"wp-image-17997\" srcset=\"https:\/\/wgphoto.pl\/t\/wp-content\/uploads\/2025\/06\/IMGP6560-1.jpg 773w, https:\/\/wgphoto.pl\/t\/wp-content\/uploads\/2025\/06\/IMGP6560-1-232x300.jpg 232w, https:\/\/wgphoto.pl\/t\/wp-content\/uploads\/2025\/06\/IMGP6560-1-768x994.jpg 768w\" sizes=\"auto, (max-width: 773px) 100vw, 773px\" \/><\/figure>\n\n\n\n<div class=\"wp-block-group has-global-padding is-layout-constrained wp-block-group-is-layout-constrained\">\n<p>Gliwice, ul. Jana Siemi\u0144skiego, 105N-2K 732 z wie\u017c\u0105 ko\u015bcio\u0142a pw. Wszystkich \u015awi\u0119tych w tle. Obecnie to miejsce <a href=\"https:\/\/www.google.pl\/maps\/@50.2957472,18.6617545,3a,75y,114.55h,83.83t\/data=!3m7!1e1!3m5!1sCun4HTEv_ZnhktV6ZluYDg!2e0!6shttps:%2F%2Fstreetviewpixels-pa.googleapis.com%2Fv1%2Fthumbnail%3Fpanoid%3DCun4HTEv_ZnhktV6ZluYDg%26cb_client%3Dmaps_sv.tactile.gps%26w%3D203%26h%3D100%26yaw%3D322.1346%26pitch%3D0%26thumbfov%3D100!7i13312!8i6656\">wygl\u0105da tak<\/a>. 2009-07-06<\/p>\n<\/div>\n","protected":false},"excerpt":{"rendered":"<p>Gliwice, ul. Jana Siemi\u0144skiego, 105N-2K 732 z wie\u017c\u0105 ko\u015bcio\u0142a pw. Wszystkich \u015awi\u0119tych w tle. Obecnie to miejsce wygl\u0105da tak. 2009-07-06<\/p>\n","protected":false},"author":1,"featured_media":17997,"comment_status":"open","ping_status":"","sticky":false,"template":"","format":"standard","meta":{"footnotes":""},"categories":[128,169,3],"tags":[155,1079,34,1080,277,27,279],"class_list":["post-17995","post","type-post","status-publish","format-standard","has-post-thumbnail","hentry","category-pionowe","category-rok-2009","category-tramwaj","tag-105na","tag-2009-07-06","tag-architektura","tag-gliwice","tag-gop","tag-polska","tag-tramwaje-slaskie"],"_links":{"self":[{"href":"https:\/\/wgphoto.pl\/t\/index.php?rest_route=\/wp\/v2\/posts\/17995","targetHints":{"allow":["GET"]}}],"collection":[{"href":"https:\/\/wgphoto.pl\/t\/index.php?rest_route=\/wp\/v2\/posts"}],"about":[{"href":"https:\/\/wgphoto.pl\/t\/index.php?rest_route=\/wp\/v2\/types\/post"}],"author":[{"embeddable":true,"href":"https:\/\/wgphoto.pl\/t\/index.php?rest_route=\/wp\/v2\/users\/1"}],"replies":[{"embeddable":true,"href":"https:\/\/wgphoto.pl\/t\/index.php?rest_route=%2Fwp%2Fv2%2Fcomments&post=17995"}],"version-history":[{"count":1,"href":"https:\/\/wgphoto.pl\/t\/index.php?rest_route=\/wp\/v2\/posts\/17995\/revisions"}],"predecessor-version":[{"id":17998,"href":"https:\/\/wgphoto.pl\/t\/index.php?rest_route=\/wp\/v2\/posts\/17995\/revisions\/17998"}],"wp:featuredmedia":[{"embeddable":true,"href":"https:\/\/wgphoto.pl\/t\/index.php?rest_route=\/wp\/v2\/media\/17997"}],"wp:attachment":[{"href":"https:\/\/wgphoto.pl\/t\/index.php?rest_route=%2Fwp%2Fv2%2Fmedia&parent=17995"}],"wp:term":[{"taxonomy":"category","embeddable":true,"href":"https:\/\/wgphoto.pl\/t\/index.php?rest_route=%2Fwp%2Fv2%2Fcategories&post=17995"},{"taxonomy":"post_tag","embeddable":true,"href":"https:\/\/wgphoto.pl\/t\/index.php?rest_route=%2Fwp%2Fv2%2Ftags&post=17995"}],"curies":[{"name":"wp","href":"https:\/\/api.w.org\/{rel}","templated":true}]}}