{"id":17999,"date":"2025-06-01T21:24:35","date_gmt":"2025-06-01T19:24:35","guid":{"rendered":"https:\/\/wgphoto.pl\/t\/?p=17999"},"modified":"2025-06-08T13:13:58","modified_gmt":"2025-06-08T11:13:58","slug":"sezon-wegetacyjny","status":"publish","type":"post","link":"https:\/\/wgphoto.pl\/t\/?p=17999","title":{"rendered":"Sezon wegetacyjny"},"content":{"rendered":"\n<figure class=\"wp-block-image aligncenter size-full\"><img loading=\"lazy\" decoding=\"async\" width=\"1300\" height=\"862\" src=\"https:\/\/wgphoto.pl\/t\/wp-content\/uploads\/2025\/06\/2002t-04.jpg\" alt=\"\" class=\"wp-image-18000\" srcset=\"https:\/\/wgphoto.pl\/t\/wp-content\/uploads\/2025\/06\/2002t-04.jpg 1300w, https:\/\/wgphoto.pl\/t\/wp-content\/uploads\/2025\/06\/2002t-04-300x199.jpg 300w, https:\/\/wgphoto.pl\/t\/wp-content\/uploads\/2025\/06\/2002t-04-768x509.jpg 768w\" sizes=\"auto, (max-width: 1300px) 100vw, 1300px\" \/><\/figure>\n\n\n\n<div class=\"wp-block-group has-global-padding is-layout-constrained wp-block-group-is-layout-constrained\">\n<p>EU07-395 z poci\u0105giem osobowym 76836 relacji Krotoszyn &#8211; Ole\u015bnica zatrzymuje si\u0119 w Miliczu. 2002-08-14<\/p>\n<\/div>\n","protected":false},"excerpt":{"rendered":"<p>EU07-395 z poci\u0105giem osobowym 76836 relacji Krotoszyn &#8211; Ole\u015bnica zatrzymuje si\u0119 w Miliczu. 2002-08-14<\/p>\n","protected":false},"author":1,"featured_media":18000,"comment_status":"open","ping_status":"","sticky":false,"template":"","format":"standard","meta":{"footnotes":""},"categories":[62,2,577],"tags":[3926,288,313,122,2727,63,27,246],"class_list":["post-17999","post","type-post","status-publish","format-standard","has-post-thumbnail","hentry","category-analog","category-kolej","category-rok-2002","tag-2002-08-14","tag-bipa","tag-dyzurny","tag-eu07","tag-milicz","tag-pkp","tag-polska","tag-tab-pl200"],"_links":{"self":[{"href":"https:\/\/wgphoto.pl\/t\/index.php?rest_route=\/wp\/v2\/posts\/17999","targetHints":{"allow":["GET"]}}],"collection":[{"href":"https:\/\/wgphoto.pl\/t\/index.php?rest_route=\/wp\/v2\/posts"}],"about":[{"href":"https:\/\/wgphoto.pl\/t\/index.php?rest_route=\/wp\/v2\/types\/post"}],"author":[{"embeddable":true,"href":"https:\/\/wgphoto.pl\/t\/index.php?rest_route=\/wp\/v2\/users\/1"}],"replies":[{"embeddable":true,"href":"https:\/\/wgphoto.pl\/t\/index.php?rest_route=%2Fwp%2Fv2%2Fcomments&post=17999"}],"version-history":[{"count":1,"href":"https:\/\/wgphoto.pl\/t\/index.php?rest_route=\/wp\/v2\/posts\/17999\/revisions"}],"predecessor-version":[{"id":18001,"href":"https:\/\/wgphoto.pl\/t\/index.php?rest_route=\/wp\/v2\/posts\/17999\/revisions\/18001"}],"wp:featuredmedia":[{"embeddable":true,"href":"https:\/\/wgphoto.pl\/t\/index.php?rest_route=\/wp\/v2\/media\/18000"}],"wp:attachment":[{"href":"https:\/\/wgphoto.pl\/t\/index.php?rest_route=%2Fwp%2Fv2%2Fmedia&parent=17999"}],"wp:term":[{"taxonomy":"category","embeddable":true,"href":"https:\/\/wgphoto.pl\/t\/index.php?rest_route=%2Fwp%2Fv2%2Fcategories&post=17999"},{"taxonomy":"post_tag","embeddable":true,"href":"https:\/\/wgphoto.pl\/t\/index.php?rest_route=%2Fwp%2Fv2%2Ftags&post=17999"}],"curies":[{"name":"wp","href":"https:\/\/api.w.org\/{rel}","templated":true}]}}