{"id":18005,"date":"2025-06-01T21:26:21","date_gmt":"2025-06-01T19:26:21","guid":{"rendered":"https:\/\/wgphoto.pl\/t\/?p=18005"},"modified":"2025-06-01T21:26:21","modified_gmt":"2025-06-01T19:26:21","slug":"tramwajem-do-teatru","status":"publish","type":"post","link":"https:\/\/wgphoto.pl\/t\/?p=18005","title":{"rendered":"Tramwajem do teatru"},"content":{"rendered":"\n<figure class=\"wp-block-image aligncenter size-full\"><img loading=\"lazy\" decoding=\"async\" width=\"1300\" height=\"861\" src=\"https:\/\/wgphoto.pl\/t\/wp-content\/uploads\/2025\/06\/IMGP8768.jpg\" alt=\"\" class=\"wp-image-18006\" srcset=\"https:\/\/wgphoto.pl\/t\/wp-content\/uploads\/2025\/06\/IMGP8768.jpg 1300w, https:\/\/wgphoto.pl\/t\/wp-content\/uploads\/2025\/06\/IMGP8768-300x199.jpg 300w, https:\/\/wgphoto.pl\/t\/wp-content\/uploads\/2025\/06\/IMGP8768-768x509.jpg 768w\" sizes=\"auto, (max-width: 1300px) 100vw, 1300px\" \/><\/figure>\n\n\n\n<div class=\"wp-block-group has-global-padding is-layout-constrained wp-block-group-is-layout-constrained\">\n<p>Fryburg Bryzgowijski, Bertoldstra\u00dfe. CAF Urbos 100 nr 307 mija miejski teatr. Trasa tramwajowa, kt\u00f3r\u0105 w\u0142a\u015bnie przecina, nie by\u0142a jeszcze wtedy czynna, otwarto j\u0105 prawie dok\u0142adnie rok p\u00f3\u017aniej. 28.03.2018<\/p>\n<\/div>\n","protected":false},"excerpt":{"rendered":"<p>Fryburg Bryzgowijski, Bertoldstra\u00dfe. CAF Urbos 100 nr 307 mija miejski teatr. Trasa tramwajowa, kt\u00f3r\u0105 w\u0142a\u015bnie przecina, nie by\u0142a jeszcze wtedy czynna, otwarto j\u0105 prawie dok\u0142adnie rok p\u00f3\u017aniej. 28.03.2018<\/p>\n","protected":false},"author":1,"featured_media":18006,"comment_status":"open","ping_status":"","sticky":false,"template":"","format":"standard","meta":{"footnotes":""},"categories":[156,3],"tags":[1159,34,157,239,1157,23,183,1158],"class_list":["post-18005","post","type-post","status-publish","format-standard","has-post-thumbnail","hentry","category-rok-2018","category-tramwaj","tag-2018-03-28","tag-architektura","tag-caf-urbos","tag-deptak","tag-fryburg-bryzgowijski","tag-niemcy","tag-suissetrip-2018","tag-vag-freiburg-im-breisgau"],"_links":{"self":[{"href":"https:\/\/wgphoto.pl\/t\/index.php?rest_route=\/wp\/v2\/posts\/18005","targetHints":{"allow":["GET"]}}],"collection":[{"href":"https:\/\/wgphoto.pl\/t\/index.php?rest_route=\/wp\/v2\/posts"}],"about":[{"href":"https:\/\/wgphoto.pl\/t\/index.php?rest_route=\/wp\/v2\/types\/post"}],"author":[{"embeddable":true,"href":"https:\/\/wgphoto.pl\/t\/index.php?rest_route=\/wp\/v2\/users\/1"}],"replies":[{"embeddable":true,"href":"https:\/\/wgphoto.pl\/t\/index.php?rest_route=%2Fwp%2Fv2%2Fcomments&post=18005"}],"version-history":[{"count":1,"href":"https:\/\/wgphoto.pl\/t\/index.php?rest_route=\/wp\/v2\/posts\/18005\/revisions"}],"predecessor-version":[{"id":18007,"href":"https:\/\/wgphoto.pl\/t\/index.php?rest_route=\/wp\/v2\/posts\/18005\/revisions\/18007"}],"wp:featuredmedia":[{"embeddable":true,"href":"https:\/\/wgphoto.pl\/t\/index.php?rest_route=\/wp\/v2\/media\/18006"}],"wp:attachment":[{"href":"https:\/\/wgphoto.pl\/t\/index.php?rest_route=%2Fwp%2Fv2%2Fmedia&parent=18005"}],"wp:term":[{"taxonomy":"category","embeddable":true,"href":"https:\/\/wgphoto.pl\/t\/index.php?rest_route=%2Fwp%2Fv2%2Fcategories&post=18005"},{"taxonomy":"post_tag","embeddable":true,"href":"https:\/\/wgphoto.pl\/t\/index.php?rest_route=%2Fwp%2Fv2%2Ftags&post=18005"}],"curies":[{"name":"wp","href":"https:\/\/api.w.org\/{rel}","templated":true}]}}