{"id":18086,"date":"2025-06-08T12:07:33","date_gmt":"2025-06-08T10:07:33","guid":{"rendered":"https:\/\/wgphoto.pl\/t\/?p=18086"},"modified":"2025-06-08T13:12:42","modified_gmt":"2025-06-08T11:12:42","slug":"olomouc-nova-ulice","status":"publish","type":"post","link":"https:\/\/wgphoto.pl\/t\/?p=18086","title":{"rendered":"Olomouc-Nov\u00e1 Ulice"},"content":{"rendered":"\n<figure class=\"wp-block-image aligncenter size-full\"><img loading=\"lazy\" decoding=\"async\" width=\"1300\" height=\"862\" src=\"https:\/\/wgphoto.pl\/t\/wp-content\/uploads\/2025\/06\/0730-21.jpg\" alt=\"\" class=\"wp-image-18088\" srcset=\"https:\/\/wgphoto.pl\/t\/wp-content\/uploads\/2025\/06\/0730-21.jpg 1300w, https:\/\/wgphoto.pl\/t\/wp-content\/uploads\/2025\/06\/0730-21-300x199.jpg 300w, https:\/\/wgphoto.pl\/t\/wp-content\/uploads\/2025\/06\/0730-21-768x509.jpg 768w\" sizes=\"auto, (max-width: 1300px) 100vw, 1300px\" \/><\/figure>\n\n\n\n<div class=\"wp-block-group has-global-padding is-layout-constrained wp-block-group-is-layout-constrained\">\n<p>Zestaw 810.546-2 z doczep\u0105 serii 010, jad\u0105cy jako poci\u0105g osobowy 14013 relacji Olomouc hl.n. &#8211; Prost\u011bjov hl.n., zatrzymuje si\u0119 na stacji Olomouc-Nov\u00e1 Ulice. 13.09.2007<\/p>\n<\/div>\n","protected":false},"excerpt":{"rendered":"<p>Zestaw 810.546-2 z doczep\u0105 serii 010, jad\u0105cy jako poci\u0105g osobowy 14013 relacji Olomouc hl.n. &#8211; Prost\u011bjov hl.n., zatrzymuje si\u0119 na stacji Olomouc-Nov\u00e1 Ulice. 13.09.2007<\/p>\n","protected":false},"author":1,"featured_media":18088,"comment_status":"open","ping_status":"","sticky":false,"template":"","format":"standard","meta":{"footnotes":""},"categories":[62,2,96],"tags":[2145,92,50,49,2147,313,196,3604,1012],"class_list":["post-18086","post","type-post","status-publish","format-standard","has-post-thumbnail","hentry","category-analog","category-kolej","category-rok-2007","tag-2007-09-13","tag-92","tag-cd","tag-czechy","tag-czechy-po-raz-pierwszy","tag-dyzurny","tag-linie-raczej-lokalne","tag-olomouc-nova-ulice","tag-olomuniec"],"_links":{"self":[{"href":"https:\/\/wgphoto.pl\/t\/index.php?rest_route=\/wp\/v2\/posts\/18086","targetHints":{"allow":["GET"]}}],"collection":[{"href":"https:\/\/wgphoto.pl\/t\/index.php?rest_route=\/wp\/v2\/posts"}],"about":[{"href":"https:\/\/wgphoto.pl\/t\/index.php?rest_route=\/wp\/v2\/types\/post"}],"author":[{"embeddable":true,"href":"https:\/\/wgphoto.pl\/t\/index.php?rest_route=\/wp\/v2\/users\/1"}],"replies":[{"embeddable":true,"href":"https:\/\/wgphoto.pl\/t\/index.php?rest_route=%2Fwp%2Fv2%2Fcomments&post=18086"}],"version-history":[{"count":1,"href":"https:\/\/wgphoto.pl\/t\/index.php?rest_route=\/wp\/v2\/posts\/18086\/revisions"}],"predecessor-version":[{"id":18089,"href":"https:\/\/wgphoto.pl\/t\/index.php?rest_route=\/wp\/v2\/posts\/18086\/revisions\/18089"}],"wp:featuredmedia":[{"embeddable":true,"href":"https:\/\/wgphoto.pl\/t\/index.php?rest_route=\/wp\/v2\/media\/18088"}],"wp:attachment":[{"href":"https:\/\/wgphoto.pl\/t\/index.php?rest_route=%2Fwp%2Fv2%2Fmedia&parent=18086"}],"wp:term":[{"taxonomy":"category","embeddable":true,"href":"https:\/\/wgphoto.pl\/t\/index.php?rest_route=%2Fwp%2Fv2%2Fcategories&post=18086"},{"taxonomy":"post_tag","embeddable":true,"href":"https:\/\/wgphoto.pl\/t\/index.php?rest_route=%2Fwp%2Fv2%2Ftags&post=18086"}],"curies":[{"name":"wp","href":"https:\/\/api.w.org\/{rel}","templated":true}]}}