{"id":18090,"date":"2025-06-08T12:08:36","date_gmt":"2025-06-08T10:08:36","guid":{"rendered":"https:\/\/wgphoto.pl\/t\/?p=18090"},"modified":"2025-06-08T13:12:34","modified_gmt":"2025-06-08T11:12:34","slug":"olomouc-mesto","status":"publish","type":"post","link":"https:\/\/wgphoto.pl\/t\/?p=18090","title":{"rendered":"Olomouc m\u011bsto"},"content":{"rendered":"\n<figure class=\"wp-block-image aligncenter size-full\"><img loading=\"lazy\" decoding=\"async\" width=\"1300\" height=\"862\" src=\"https:\/\/wgphoto.pl\/t\/wp-content\/uploads\/2025\/06\/0730-10.jpg\" alt=\"\" class=\"wp-image-18091\" srcset=\"https:\/\/wgphoto.pl\/t\/wp-content\/uploads\/2025\/06\/0730-10.jpg 1300w, https:\/\/wgphoto.pl\/t\/wp-content\/uploads\/2025\/06\/0730-10-300x199.jpg 300w, https:\/\/wgphoto.pl\/t\/wp-content\/uploads\/2025\/06\/0730-10-768x509.jpg 768w\" sizes=\"auto, (max-width: 1300px) 100vw, 1300px\" \/><\/figure>\n\n\n\n<div class=\"wp-block-group has-global-padding is-layout-constrained wp-block-group-is-layout-constrained\">\n<p>Motoraczek 810.399-6 jako poci\u0105g osobowy 14011 relacji Olomouc hl.n. &#8211; Prost\u011bjov hl.n. zatrzymuje si\u0119 na tytu\u0142owym przystanku, zgodnie z nazw\u0105 po\u0142o\u017conym w\u015br\u00f3d miejskiej zabudowy. Lokalka do Senicy na Han\u00e9 (z kontynuacj\u0105 do Pro\u015bciejowa) okr\u0105\u017ca centrum O\u0142omu\u0144ca, daj\u0105c takie sympatyczne t\u0142o do zdj\u0119\u0107 i przecinaj\u0105c na jednym poziomie wiele ulic, w tym w a\u017c trzech miejscach (w roku 2007 &#8211; w dw\u00f3ch) trasy tramwajowe. 13.09.2007<\/p>\n<\/div>\n","protected":false},"excerpt":{"rendered":"<p>Motoraczek 810.399-6 jako poci\u0105g osobowy 14011 relacji Olomouc hl.n. &#8211; Prost\u011bjov hl.n. zatrzymuje si\u0119 na tytu\u0142owym przystanku, zgodnie z nazw\u0105 po\u0142o\u017conym w\u015br\u00f3d miejskiej zabudowy. Lokalka do Senicy na Han\u00e9 (z kontynuacj\u0105 do Pro\u015bciejowa) okr\u0105\u017ca centrum O\u0142omu\u0144ca, daj\u0105c takie sympatyczne t\u0142o do zdj\u0119\u0107 i przecinaj\u0105c na jednym poziomie wiele ulic, w tym w a\u017c trzech miejscach [&hellip;]<\/p>\n","protected":false},"author":1,"featured_media":18091,"comment_status":"open","ping_status":"","sticky":false,"template":"","format":"standard","meta":{"footnotes":""},"categories":[62,2,96],"tags":[2145,92,50,49,2147,173,196,3936,1012],"class_list":["post-18090","post","type-post","status-publish","format-standard","has-post-thumbnail","hentry","category-analog","category-kolej","category-rok-2007","tag-2007-09-13","tag-92","tag-cd","tag-czechy","tag-czechy-po-raz-pierwszy","tag-koncowki","tag-linie-raczej-lokalne","tag-olomouc-mesto","tag-olomuniec"],"_links":{"self":[{"href":"https:\/\/wgphoto.pl\/t\/index.php?rest_route=\/wp\/v2\/posts\/18090","targetHints":{"allow":["GET"]}}],"collection":[{"href":"https:\/\/wgphoto.pl\/t\/index.php?rest_route=\/wp\/v2\/posts"}],"about":[{"href":"https:\/\/wgphoto.pl\/t\/index.php?rest_route=\/wp\/v2\/types\/post"}],"author":[{"embeddable":true,"href":"https:\/\/wgphoto.pl\/t\/index.php?rest_route=\/wp\/v2\/users\/1"}],"replies":[{"embeddable":true,"href":"https:\/\/wgphoto.pl\/t\/index.php?rest_route=%2Fwp%2Fv2%2Fcomments&post=18090"}],"version-history":[{"count":1,"href":"https:\/\/wgphoto.pl\/t\/index.php?rest_route=\/wp\/v2\/posts\/18090\/revisions"}],"predecessor-version":[{"id":18092,"href":"https:\/\/wgphoto.pl\/t\/index.php?rest_route=\/wp\/v2\/posts\/18090\/revisions\/18092"}],"wp:featuredmedia":[{"embeddable":true,"href":"https:\/\/wgphoto.pl\/t\/index.php?rest_route=\/wp\/v2\/media\/18091"}],"wp:attachment":[{"href":"https:\/\/wgphoto.pl\/t\/index.php?rest_route=%2Fwp%2Fv2%2Fmedia&parent=18090"}],"wp:term":[{"taxonomy":"category","embeddable":true,"href":"https:\/\/wgphoto.pl\/t\/index.php?rest_route=%2Fwp%2Fv2%2Fcategories&post=18090"},{"taxonomy":"post_tag","embeddable":true,"href":"https:\/\/wgphoto.pl\/t\/index.php?rest_route=%2Fwp%2Fv2%2Ftags&post=18090"}],"curies":[{"name":"wp","href":"https:\/\/api.w.org\/{rel}","templated":true}]}}