{"id":18093,"date":"2025-06-08T12:09:42","date_gmt":"2025-06-08T10:09:42","guid":{"rendered":"https:\/\/wgphoto.pl\/t\/?p=18093"},"modified":"2025-06-08T13:12:25","modified_gmt":"2025-06-08T11:12:25","slug":"sa105-102-bieniow","status":"publish","type":"post","link":"https:\/\/wgphoto.pl\/t\/?p=18093","title":{"rendered":"SA105-102, Bieni\u00f3w"},"content":{"rendered":"\n<figure class=\"wp-block-image aligncenter size-full\"><img loading=\"lazy\" decoding=\"async\" width=\"1300\" height=\"862\" src=\"https:\/\/wgphoto.pl\/t\/wp-content\/uploads\/2025\/06\/0625-00.jpg\" alt=\"\" class=\"wp-image-18094\" srcset=\"https:\/\/wgphoto.pl\/t\/wp-content\/uploads\/2025\/06\/0625-00.jpg 1300w, https:\/\/wgphoto.pl\/t\/wp-content\/uploads\/2025\/06\/0625-00-300x199.jpg 300w, https:\/\/wgphoto.pl\/t\/wp-content\/uploads\/2025\/06\/0625-00-768x509.jpg 768w\" sizes=\"auto, (max-width: 1300px) 100vw, 1300px\" \/><\/figure>\n\n\n\n<div class=\"wp-block-group has-global-padding is-layout-constrained wp-block-group-is-layout-constrained\">\n<p>SA105-102 jako poci\u0105g osobowy 55221 z Zielonej G\u00f3ry do \u017bagania odje\u017cd\u017ca z Bieniowa. 30.09.2006<\/p>\n<\/div>\n","protected":false},"excerpt":{"rendered":"<p>SA105-102 jako poci\u0105g osobowy 55221 z Zielonej G\u00f3ry do \u017bagania odje\u017cd\u017ca z Bieniowa. 30.09.2006<\/p>\n","protected":false},"author":1,"featured_media":18094,"comment_status":"open","ping_status":"","sticky":false,"template":"","format":"standard","meta":{"footnotes":""},"categories":[62,2,130],"tags":[3353,1314,63,27,1767,1528,53,1311],"class_list":["post-18093","post","type-post","status-publish","format-standard","has-post-thumbnail","hentry","category-analog","category-kolej","category-rok-2006","tag-2006-09-30","tag-bieniow","tag-pkp","tag-polska","tag-porownania","tag-sa105","tag-sygnalizacja-ksztaltowa","tag-tab-pl356"],"_links":{"self":[{"href":"https:\/\/wgphoto.pl\/t\/index.php?rest_route=\/wp\/v2\/posts\/18093","targetHints":{"allow":["GET"]}}],"collection":[{"href":"https:\/\/wgphoto.pl\/t\/index.php?rest_route=\/wp\/v2\/posts"}],"about":[{"href":"https:\/\/wgphoto.pl\/t\/index.php?rest_route=\/wp\/v2\/types\/post"}],"author":[{"embeddable":true,"href":"https:\/\/wgphoto.pl\/t\/index.php?rest_route=\/wp\/v2\/users\/1"}],"replies":[{"embeddable":true,"href":"https:\/\/wgphoto.pl\/t\/index.php?rest_route=%2Fwp%2Fv2%2Fcomments&post=18093"}],"version-history":[{"count":1,"href":"https:\/\/wgphoto.pl\/t\/index.php?rest_route=\/wp\/v2\/posts\/18093\/revisions"}],"predecessor-version":[{"id":18095,"href":"https:\/\/wgphoto.pl\/t\/index.php?rest_route=\/wp\/v2\/posts\/18093\/revisions\/18095"}],"wp:featuredmedia":[{"embeddable":true,"href":"https:\/\/wgphoto.pl\/t\/index.php?rest_route=\/wp\/v2\/media\/18094"}],"wp:attachment":[{"href":"https:\/\/wgphoto.pl\/t\/index.php?rest_route=%2Fwp%2Fv2%2Fmedia&parent=18093"}],"wp:term":[{"taxonomy":"category","embeddable":true,"href":"https:\/\/wgphoto.pl\/t\/index.php?rest_route=%2Fwp%2Fv2%2Fcategories&post=18093"},{"taxonomy":"post_tag","embeddable":true,"href":"https:\/\/wgphoto.pl\/t\/index.php?rest_route=%2Fwp%2Fv2%2Ftags&post=18093"}],"curies":[{"name":"wp","href":"https:\/\/api.w.org\/{rel}","templated":true}]}}