{"id":18096,"date":"2025-06-08T12:10:38","date_gmt":"2025-06-08T10:10:38","guid":{"rendered":"https:\/\/wgphoto.pl\/t\/?p=18096"},"modified":"2025-06-08T12:10:38","modified_gmt":"2025-06-08T10:10:38","slug":"jaani-seegi-kirik","status":"publish","type":"post","link":"https:\/\/wgphoto.pl\/t\/?p=18096","title":{"rendered":"Jaani Seegi kirik"},"content":{"rendered":"\n<figure class=\"wp-block-image aligncenter size-full\"><img loading=\"lazy\" decoding=\"async\" width=\"1200\" height=\"960\" src=\"https:\/\/wgphoto.pl\/t\/wp-content\/uploads\/2025\/06\/IMGP3672-1.jpg\" alt=\"\" class=\"wp-image-18097\" srcset=\"https:\/\/wgphoto.pl\/t\/wp-content\/uploads\/2025\/06\/IMGP3672-1.jpg 1200w, https:\/\/wgphoto.pl\/t\/wp-content\/uploads\/2025\/06\/IMGP3672-1-300x240.jpg 300w, https:\/\/wgphoto.pl\/t\/wp-content\/uploads\/2025\/06\/IMGP3672-1-768x614.jpg 768w\" sizes=\"auto, (max-width: 1200px) 100vw, 1200px\" \/><\/figure>\n\n\n\n<div class=\"wp-block-group has-global-padding is-layout-constrained wp-block-group-is-layout-constrained\">\n<p>Tallinn, Tartu maantee. Tatra KT4D 170 (ex-Erfurt, co mo\u017cna rozpozna\u0107 po barwach poprzedniego w\u0142a\u015bciciela) mija male\u0144ki ko\u015bci\u00f3\u0142ek \u015bw. Jana Chrzciciela (<em>est.<\/em> Jaani Seegi kirik). 2013-05-28<\/p>\n<\/div>\n","protected":false},"excerpt":{"rendered":"<p>Tallinn, Tartu maantee. Tatra KT4D 170 (ex-Erfurt, co mo\u017cna rozpozna\u0107 po barwach poprzedniego w\u0142a\u015bciciela) mija male\u0144ki ko\u015bci\u00f3\u0142ek \u015bw. Jana Chrzciciela (est. Jaani Seegi kirik). 2013-05-28<\/p>\n","protected":false},"author":1,"featured_media":18097,"comment_status":"open","ping_status":"","sticky":false,"template":"","format":"standard","meta":{"footnotes":""},"categories":[55,3],"tags":[1134,34,3937,1131,1132,33,1133],"class_list":["post-18096","post","type-post","status-publish","format-standard","has-post-thumbnail","hentry","category-rok-2013","category-tramwaj","tag-2013-05-28","tag-architektura","tag-druga-majowka-2013-2","tag-estonia","tag-tallinn","tag-tatra-kt4","tag-tlt-tallinn"],"_links":{"self":[{"href":"https:\/\/wgphoto.pl\/t\/index.php?rest_route=\/wp\/v2\/posts\/18096","targetHints":{"allow":["GET"]}}],"collection":[{"href":"https:\/\/wgphoto.pl\/t\/index.php?rest_route=\/wp\/v2\/posts"}],"about":[{"href":"https:\/\/wgphoto.pl\/t\/index.php?rest_route=\/wp\/v2\/types\/post"}],"author":[{"embeddable":true,"href":"https:\/\/wgphoto.pl\/t\/index.php?rest_route=\/wp\/v2\/users\/1"}],"replies":[{"embeddable":true,"href":"https:\/\/wgphoto.pl\/t\/index.php?rest_route=%2Fwp%2Fv2%2Fcomments&post=18096"}],"version-history":[{"count":1,"href":"https:\/\/wgphoto.pl\/t\/index.php?rest_route=\/wp\/v2\/posts\/18096\/revisions"}],"predecessor-version":[{"id":18098,"href":"https:\/\/wgphoto.pl\/t\/index.php?rest_route=\/wp\/v2\/posts\/18096\/revisions\/18098"}],"wp:featuredmedia":[{"embeddable":true,"href":"https:\/\/wgphoto.pl\/t\/index.php?rest_route=\/wp\/v2\/media\/18097"}],"wp:attachment":[{"href":"https:\/\/wgphoto.pl\/t\/index.php?rest_route=%2Fwp%2Fv2%2Fmedia&parent=18096"}],"wp:term":[{"taxonomy":"category","embeddable":true,"href":"https:\/\/wgphoto.pl\/t\/index.php?rest_route=%2Fwp%2Fv2%2Fcategories&post=18096"},{"taxonomy":"post_tag","embeddable":true,"href":"https:\/\/wgphoto.pl\/t\/index.php?rest_route=%2Fwp%2Fv2%2Ftags&post=18096"}],"curies":[{"name":"wp","href":"https:\/\/api.w.org\/{rel}","templated":true}]}}