{"id":18105,"date":"2025-06-08T12:13:36","date_gmt":"2025-06-08T10:13:36","guid":{"rendered":"https:\/\/wgphoto.pl\/t\/?p=18105"},"modified":"2025-06-08T13:12:08","modified_gmt":"2025-06-08T11:12:08","slug":"2020-juz-byl","status":"publish","type":"post","link":"https:\/\/wgphoto.pl\/t\/?p=18105","title":{"rendered":"2020 ju\u017c by\u0142"},"content":{"rendered":"\n<figure class=\"wp-block-image aligncenter size-full\"><img loading=\"lazy\" decoding=\"async\" width=\"1300\" height=\"812\" src=\"https:\/\/wgphoto.pl\/t\/wp-content\/uploads\/2025\/06\/0424-18.jpg\" alt=\"\" class=\"wp-image-18106\" srcset=\"https:\/\/wgphoto.pl\/t\/wp-content\/uploads\/2025\/06\/0424-18.jpg 1300w, https:\/\/wgphoto.pl\/t\/wp-content\/uploads\/2025\/06\/0424-18-300x187.jpg 300w, https:\/\/wgphoto.pl\/t\/wp-content\/uploads\/2025\/06\/0424-18-768x480.jpg 768w\" sizes=\"auto, (max-width: 1300px) 100vw, 1300px\" \/><\/figure>\n\n\n\n<div class=\"wp-block-group has-global-padding is-layout-constrained wp-block-group-is-layout-constrained\">\n<p>\u2026ale nie mam zdj\u0119cia wozu 2022 na zadaniu 22-02 aby nawi\u0105za\u0107 do dzisiejszej daty. \ud83d\ude09 Wagony 102Na 2054 i 2043 mijaj\u0105 si\u0119 na wje\u017adzie na p\u0119tl\u0119 Opor\u00f3w we Wroc\u0142awiu. 13.09.2004<\/p>\n<\/div>\n","protected":false},"excerpt":{"rendered":"<p>\u2026ale nie mam zdj\u0119cia wozu 2022 na zadaniu 22-02 aby nawi\u0105za\u0107 do dzisiejszej daty. \ud83d\ude09 Wagony 102Na 2054 i 2043 mijaj\u0105 si\u0119 na wje\u017adzie na p\u0119tl\u0119 Opor\u00f3w we Wroc\u0142awiu. 13.09.2004<\/p>\n","protected":false},"author":1,"featured_media":18106,"comment_status":"open","ping_status":"","sticky":false,"template":"","format":"standard","meta":{"footnotes":""},"categories":[62,61,3],"tags":[3939,309,389,42,27,41],"class_list":["post-18105","post","type-post","status-publish","format-standard","has-post-thumbnail","hentry","category-analog","category-rok-2004","category-tramwaj","tag-2004-09-13","tag-konstal-102na","tag-mijanka","tag-mpk-wroclaw","tag-polska","tag-wroclaw"],"_links":{"self":[{"href":"https:\/\/wgphoto.pl\/t\/index.php?rest_route=\/wp\/v2\/posts\/18105","targetHints":{"allow":["GET"]}}],"collection":[{"href":"https:\/\/wgphoto.pl\/t\/index.php?rest_route=\/wp\/v2\/posts"}],"about":[{"href":"https:\/\/wgphoto.pl\/t\/index.php?rest_route=\/wp\/v2\/types\/post"}],"author":[{"embeddable":true,"href":"https:\/\/wgphoto.pl\/t\/index.php?rest_route=\/wp\/v2\/users\/1"}],"replies":[{"embeddable":true,"href":"https:\/\/wgphoto.pl\/t\/index.php?rest_route=%2Fwp%2Fv2%2Fcomments&post=18105"}],"version-history":[{"count":1,"href":"https:\/\/wgphoto.pl\/t\/index.php?rest_route=\/wp\/v2\/posts\/18105\/revisions"}],"predecessor-version":[{"id":18107,"href":"https:\/\/wgphoto.pl\/t\/index.php?rest_route=\/wp\/v2\/posts\/18105\/revisions\/18107"}],"wp:featuredmedia":[{"embeddable":true,"href":"https:\/\/wgphoto.pl\/t\/index.php?rest_route=\/wp\/v2\/media\/18106"}],"wp:attachment":[{"href":"https:\/\/wgphoto.pl\/t\/index.php?rest_route=%2Fwp%2Fv2%2Fmedia&parent=18105"}],"wp:term":[{"taxonomy":"category","embeddable":true,"href":"https:\/\/wgphoto.pl\/t\/index.php?rest_route=%2Fwp%2Fv2%2Fcategories&post=18105"},{"taxonomy":"post_tag","embeddable":true,"href":"https:\/\/wgphoto.pl\/t\/index.php?rest_route=%2Fwp%2Fv2%2Ftags&post=18105"}],"curies":[{"name":"wp","href":"https:\/\/api.w.org\/{rel}","templated":true}]}}