{"id":18111,"date":"2025-06-08T12:17:00","date_gmt":"2025-06-08T10:17:00","guid":{"rendered":"https:\/\/wgphoto.pl\/t\/?p=18111"},"modified":"2025-06-08T12:17:00","modified_gmt":"2025-06-08T10:17:00","slug":"synchronizacja-2","status":"publish","type":"post","link":"https:\/\/wgphoto.pl\/t\/?p=18111","title":{"rendered":"Synchronizacja"},"content":{"rendered":"\n<figure class=\"wp-block-image aligncenter size-full\"><img loading=\"lazy\" decoding=\"async\" width=\"1200\" height=\"803\" src=\"https:\/\/wgphoto.pl\/t\/wp-content\/uploads\/2025\/06\/IMGP4959.jpg\" alt=\"\" class=\"wp-image-18113\" srcset=\"https:\/\/wgphoto.pl\/t\/wp-content\/uploads\/2025\/06\/IMGP4959.jpg 1200w, https:\/\/wgphoto.pl\/t\/wp-content\/uploads\/2025\/06\/IMGP4959-300x201.jpg 300w, https:\/\/wgphoto.pl\/t\/wp-content\/uploads\/2025\/06\/IMGP4959-768x514.jpg 768w\" sizes=\"auto, (max-width: 1200px) 100vw, 1200px\" \/><\/figure>\n\n\n\n<div class=\"wp-block-group has-global-padding is-layout-constrained wp-block-group-is-layout-constrained\">\n<p>Na graniczn\u0105 stacj\u0119 w \u0141upkowie wje\u017cd\u017caj\u0105 jednocze\u015bnie poci\u0105gi od strony Polski i S\u0142owacji, prowadzone odpowiednio maszynami ST43-227 i 751.073-8. 22.07.2010<\/p>\n<\/div>\n","protected":false},"excerpt":{"rendered":"<p>Na graniczn\u0105 stacj\u0119 w \u0141upkowie wje\u017cd\u017caj\u0105 jednocze\u015bnie poci\u0105gi od strony Polski i S\u0142owacji, prowadzone odpowiednio maszynami ST43-227 i 751.073-8. 22.07.2010<\/p>\n","protected":false},"author":1,"featured_media":18113,"comment_status":"open","ping_status":"","sticky":false,"template":"","format":"standard","meta":{"footnotes":""},"categories":[2,86],"tags":[345,164,249,468,389,162,63,341,27,64,344,90],"class_list":["post-18111","post","type-post","status-publish","format-standard","has-post-thumbnail","hentry","category-kolej","category-rok-2010","tag-2010-07-22","tag-164","tag-goscinne-wystepy","tag-lupkow","tag-mijanka","tag-niebo","tag-pkp","tag-podkarpacie-2010","tag-polska","tag-st43","tag-tab-pl134","tag-wieczorem"],"_links":{"self":[{"href":"https:\/\/wgphoto.pl\/t\/index.php?rest_route=\/wp\/v2\/posts\/18111","targetHints":{"allow":["GET"]}}],"collection":[{"href":"https:\/\/wgphoto.pl\/t\/index.php?rest_route=\/wp\/v2\/posts"}],"about":[{"href":"https:\/\/wgphoto.pl\/t\/index.php?rest_route=\/wp\/v2\/types\/post"}],"author":[{"embeddable":true,"href":"https:\/\/wgphoto.pl\/t\/index.php?rest_route=\/wp\/v2\/users\/1"}],"replies":[{"embeddable":true,"href":"https:\/\/wgphoto.pl\/t\/index.php?rest_route=%2Fwp%2Fv2%2Fcomments&post=18111"}],"version-history":[{"count":1,"href":"https:\/\/wgphoto.pl\/t\/index.php?rest_route=\/wp\/v2\/posts\/18111\/revisions"}],"predecessor-version":[{"id":18114,"href":"https:\/\/wgphoto.pl\/t\/index.php?rest_route=\/wp\/v2\/posts\/18111\/revisions\/18114"}],"wp:featuredmedia":[{"embeddable":true,"href":"https:\/\/wgphoto.pl\/t\/index.php?rest_route=\/wp\/v2\/media\/18113"}],"wp:attachment":[{"href":"https:\/\/wgphoto.pl\/t\/index.php?rest_route=%2Fwp%2Fv2%2Fmedia&parent=18111"}],"wp:term":[{"taxonomy":"category","embeddable":true,"href":"https:\/\/wgphoto.pl\/t\/index.php?rest_route=%2Fwp%2Fv2%2Fcategories&post=18111"},{"taxonomy":"post_tag","embeddable":true,"href":"https:\/\/wgphoto.pl\/t\/index.php?rest_route=%2Fwp%2Fv2%2Ftags&post=18111"}],"curies":[{"name":"wp","href":"https:\/\/api.w.org\/{rel}","templated":true}]}}