{"id":18118,"date":"2025-06-08T12:18:57","date_gmt":"2025-06-08T10:18:57","guid":{"rendered":"https:\/\/wgphoto.pl\/t\/?p=18118"},"modified":"2025-06-08T13:11:40","modified_gmt":"2025-06-08T11:11:40","slug":"18-na-pankraci","status":"publish","type":"post","link":"https:\/\/wgphoto.pl\/t\/?p=18118","title":{"rendered":"18 na Pankr\u00e1ci"},"content":{"rendered":"\n<figure class=\"wp-block-image aligncenter size-full\"><img loading=\"lazy\" decoding=\"async\" width=\"1300\" height=\"846\" src=\"https:\/\/wgphoto.pl\/t\/wp-content\/uploads\/2025\/06\/0821-05.jpg\" alt=\"\" class=\"wp-image-18119\" srcset=\"https:\/\/wgphoto.pl\/t\/wp-content\/uploads\/2025\/06\/0821-05.jpg 1300w, https:\/\/wgphoto.pl\/t\/wp-content\/uploads\/2025\/06\/0821-05-300x195.jpg 300w, https:\/\/wgphoto.pl\/t\/wp-content\/uploads\/2025\/06\/0821-05-768x500.jpg 768w\" sizes=\"auto, (max-width: 1300px) 100vw, 1300px\" \/><\/figure>\n\n\n\n<div class=\"wp-block-group has-global-padding is-layout-constrained wp-block-group-is-layout-constrained\">\n<p>Praga, p\u0119tla Vozovna Pankr\u00e1c, sk\u0142ady T3SUCS 7113+7091 (obecnie w Odessie i Kijowie) oraz T3R.P 8458+8459. 09.11.2008<\/p>\n<\/div>\n","protected":false},"excerpt":{"rendered":"<p>Praga, p\u0119tla Vozovna Pankr\u00e1c, sk\u0142ady T3SUCS 7113+7091 (obecnie w Odessie i Kijowie) oraz T3R.P 8458+8459. 09.11.2008<\/p>\n","protected":false},"author":1,"featured_media":18119,"comment_status":"open","ping_status":"","sticky":false,"template":"","format":"standard","meta":{"footnotes":""},"categories":[62,120,3],"tags":[2113,49,1049,154,52,1011],"class_list":["post-18118","post","type-post","status-publish","format-standard","has-post-thumbnail","hentry","category-analog","category-rok-2008","category-tramwaj","tag-2008-11-09","tag-czechy","tag-dp-praha","tag-noc","tag-praga","tag-tatra-t3"],"_links":{"self":[{"href":"https:\/\/wgphoto.pl\/t\/index.php?rest_route=\/wp\/v2\/posts\/18118","targetHints":{"allow":["GET"]}}],"collection":[{"href":"https:\/\/wgphoto.pl\/t\/index.php?rest_route=\/wp\/v2\/posts"}],"about":[{"href":"https:\/\/wgphoto.pl\/t\/index.php?rest_route=\/wp\/v2\/types\/post"}],"author":[{"embeddable":true,"href":"https:\/\/wgphoto.pl\/t\/index.php?rest_route=\/wp\/v2\/users\/1"}],"replies":[{"embeddable":true,"href":"https:\/\/wgphoto.pl\/t\/index.php?rest_route=%2Fwp%2Fv2%2Fcomments&post=18118"}],"version-history":[{"count":1,"href":"https:\/\/wgphoto.pl\/t\/index.php?rest_route=\/wp\/v2\/posts\/18118\/revisions"}],"predecessor-version":[{"id":18120,"href":"https:\/\/wgphoto.pl\/t\/index.php?rest_route=\/wp\/v2\/posts\/18118\/revisions\/18120"}],"wp:featuredmedia":[{"embeddable":true,"href":"https:\/\/wgphoto.pl\/t\/index.php?rest_route=\/wp\/v2\/media\/18119"}],"wp:attachment":[{"href":"https:\/\/wgphoto.pl\/t\/index.php?rest_route=%2Fwp%2Fv2%2Fmedia&parent=18118"}],"wp:term":[{"taxonomy":"category","embeddable":true,"href":"https:\/\/wgphoto.pl\/t\/index.php?rest_route=%2Fwp%2Fv2%2Fcategories&post=18118"},{"taxonomy":"post_tag","embeddable":true,"href":"https:\/\/wgphoto.pl\/t\/index.php?rest_route=%2Fwp%2Fv2%2Ftags&post=18118"}],"curies":[{"name":"wp","href":"https:\/\/api.w.org\/{rel}","templated":true}]}}