{"id":18121,"date":"2025-06-08T12:19:55","date_gmt":"2025-06-08T10:19:55","guid":{"rendered":"https:\/\/wgphoto.pl\/t\/?p=18121"},"modified":"2025-06-08T13:11:31","modified_gmt":"2025-06-08T11:11:31","slug":"piaty-dzien-z-rzedu","status":"publish","type":"post","link":"https:\/\/wgphoto.pl\/t\/?p=18121","title":{"rendered":"Pi\u0105ty dzie\u0144 z rz\u0119du"},"content":{"rendered":"\n<figure class=\"wp-block-image aligncenter size-full\"><img loading=\"lazy\" decoding=\"async\" width=\"1300\" height=\"865\" src=\"https:\/\/wgphoto.pl\/t\/wp-content\/uploads\/2025\/06\/0811-04.jpg\" alt=\"\" class=\"wp-image-18122\" srcset=\"https:\/\/wgphoto.pl\/t\/wp-content\/uploads\/2025\/06\/0811-04.jpg 1300w, https:\/\/wgphoto.pl\/t\/wp-content\/uploads\/2025\/06\/0811-04-300x200.jpg 300w, https:\/\/wgphoto.pl\/t\/wp-content\/uploads\/2025\/06\/0811-04-768x511.jpg 768w\" sizes=\"auto, (max-width: 1300px) 100vw, 1300px\" \/><\/figure>\n\n\n\n<div class=\"wp-block-group has-global-padding is-layout-constrained wp-block-group-is-layout-constrained\">\n<p>Wroc\u0142aw, p\u0119tla Zawalna. Pi\u0105ty dzie\u0144 z rz\u0119du na 11\/8\u2026 tzn. ja, bo sk\u0142ad 204WrAs 2604+2603 to dopiero pierwszy. 2008-08-17<\/p>\n<\/div>\n","protected":false},"excerpt":{"rendered":"<p>Wroc\u0142aw, p\u0119tla Zawalna. Pi\u0105ty dzie\u0144 z rz\u0119du na 11\/8\u2026 tzn. ja, bo sk\u0142ad 204WrAs 2604+2603 to dopiero pierwszy. 2008-08-17<\/p>\n","protected":false},"author":1,"featured_media":18122,"comment_status":"open","ping_status":"","sticky":false,"template":"","format":"standard","meta":{"footnotes":""},"categories":[62,120,3],"tags":[1792,42,154,27,438,1577,439,41],"class_list":["post-18121","post","type-post","status-publish","format-standard","has-post-thumbnail","hentry","category-analog","category-rok-2008","category-tramwaj","tag-2008-08-17","tag-mpk-wroclaw","tag-noc","tag-polska","tag-portret-z-petli","tag-protram-204wras","tag-we-fabryce","tag-wroclaw"],"_links":{"self":[{"href":"https:\/\/wgphoto.pl\/t\/index.php?rest_route=\/wp\/v2\/posts\/18121","targetHints":{"allow":["GET"]}}],"collection":[{"href":"https:\/\/wgphoto.pl\/t\/index.php?rest_route=\/wp\/v2\/posts"}],"about":[{"href":"https:\/\/wgphoto.pl\/t\/index.php?rest_route=\/wp\/v2\/types\/post"}],"author":[{"embeddable":true,"href":"https:\/\/wgphoto.pl\/t\/index.php?rest_route=\/wp\/v2\/users\/1"}],"replies":[{"embeddable":true,"href":"https:\/\/wgphoto.pl\/t\/index.php?rest_route=%2Fwp%2Fv2%2Fcomments&post=18121"}],"version-history":[{"count":1,"href":"https:\/\/wgphoto.pl\/t\/index.php?rest_route=\/wp\/v2\/posts\/18121\/revisions"}],"predecessor-version":[{"id":18123,"href":"https:\/\/wgphoto.pl\/t\/index.php?rest_route=\/wp\/v2\/posts\/18121\/revisions\/18123"}],"wp:featuredmedia":[{"embeddable":true,"href":"https:\/\/wgphoto.pl\/t\/index.php?rest_route=\/wp\/v2\/media\/18122"}],"wp:attachment":[{"href":"https:\/\/wgphoto.pl\/t\/index.php?rest_route=%2Fwp%2Fv2%2Fmedia&parent=18121"}],"wp:term":[{"taxonomy":"category","embeddable":true,"href":"https:\/\/wgphoto.pl\/t\/index.php?rest_route=%2Fwp%2Fv2%2Fcategories&post=18121"},{"taxonomy":"post_tag","embeddable":true,"href":"https:\/\/wgphoto.pl\/t\/index.php?rest_route=%2Fwp%2Fv2%2Ftags&post=18121"}],"curies":[{"name":"wp","href":"https:\/\/api.w.org\/{rel}","templated":true}]}}