{"id":18124,"date":"2025-06-08T12:20:47","date_gmt":"2025-06-08T10:20:47","guid":{"rendered":"https:\/\/wgphoto.pl\/t\/?p=18124"},"modified":"2025-06-08T13:11:22","modified_gmt":"2025-06-08T11:11:22","slug":"wawel-w-chomiazy","status":"publish","type":"post","link":"https:\/\/wgphoto.pl\/t\/?p=18124","title":{"rendered":"Wawel w Chomi\u0105\u017cy"},"content":{"rendered":"\n<figure class=\"wp-block-image aligncenter size-full\"><img loading=\"lazy\" decoding=\"async\" width=\"1300\" height=\"862\" src=\"https:\/\/wgphoto.pl\/t\/wp-content\/uploads\/2025\/06\/0607-07.jpg\" alt=\"\" class=\"wp-image-18125\" srcset=\"https:\/\/wgphoto.pl\/t\/wp-content\/uploads\/2025\/06\/0607-07.jpg 1300w, https:\/\/wgphoto.pl\/t\/wp-content\/uploads\/2025\/06\/0607-07-300x199.jpg 300w, https:\/\/wgphoto.pl\/t\/wp-content\/uploads\/2025\/06\/0607-07-768x509.jpg 768w\" sizes=\"auto, (max-width: 1300px) 100vw, 1300px\" \/><\/figure>\n\n\n\n<div class=\"wp-block-group has-global-padding is-layout-constrained wp-block-group-is-layout-constrained\">\n<p>EU07-067 z CM Krak\u00f3w z poci\u0105giem IC241\/73000 &#8222;Wawel&#8221; z Hamburga do Krakowa przemierza dolno\u015bl\u0105skie niziny na szlaku Malczyce &#8211; \u015aroda \u015al\u0105ska. W tle wida\u0107 wie\u015b Chomi\u0105\u017ca z g\u00f3ruj\u0105c\u0105 wie\u017c\u0105 ko\u015bcio\u0142a pw. \u015aw. Micha\u0142a Archanio\u0142a. 06.05.2006<\/p>\n<\/div>\n","protected":false},"excerpt":{"rendered":"<p>EU07-067 z CM Krak\u00f3w z poci\u0105giem IC241\/73000 &#8222;Wawel&#8221; z Hamburga do Krakowa przemierza dolno\u015bl\u0105skie niziny na szlaku Malczyce &#8211; \u015aroda \u015al\u0105ska. W tle wida\u0107 wie\u015b Chomi\u0105\u017ca z g\u00f3ruj\u0105c\u0105 wie\u017c\u0105 ko\u015bcio\u0142a pw. \u015aw. Micha\u0142a Archanio\u0142a. 06.05.2006<\/p>\n","protected":false},"author":1,"featured_media":18125,"comment_status":"open","ping_status":"","sticky":false,"template":"","format":"standard","meta":{"footnotes":""},"categories":[62,2,130],"tags":[729,122,113,232,63,27,780,233],"class_list":["post-18124","post","type-post","status-publish","format-standard","has-post-thumbnail","hentry","category-analog","category-kolej","category-rok-2006","tag-2006-05-06","tag-eu07","tag-landszaft","tag-malczyce","tag-pkp","tag-polska","tag-sroda-slaska","tag-tab-pl260"],"_links":{"self":[{"href":"https:\/\/wgphoto.pl\/t\/index.php?rest_route=\/wp\/v2\/posts\/18124","targetHints":{"allow":["GET"]}}],"collection":[{"href":"https:\/\/wgphoto.pl\/t\/index.php?rest_route=\/wp\/v2\/posts"}],"about":[{"href":"https:\/\/wgphoto.pl\/t\/index.php?rest_route=\/wp\/v2\/types\/post"}],"author":[{"embeddable":true,"href":"https:\/\/wgphoto.pl\/t\/index.php?rest_route=\/wp\/v2\/users\/1"}],"replies":[{"embeddable":true,"href":"https:\/\/wgphoto.pl\/t\/index.php?rest_route=%2Fwp%2Fv2%2Fcomments&post=18124"}],"version-history":[{"count":1,"href":"https:\/\/wgphoto.pl\/t\/index.php?rest_route=\/wp\/v2\/posts\/18124\/revisions"}],"predecessor-version":[{"id":18126,"href":"https:\/\/wgphoto.pl\/t\/index.php?rest_route=\/wp\/v2\/posts\/18124\/revisions\/18126"}],"wp:featuredmedia":[{"embeddable":true,"href":"https:\/\/wgphoto.pl\/t\/index.php?rest_route=\/wp\/v2\/media\/18125"}],"wp:attachment":[{"href":"https:\/\/wgphoto.pl\/t\/index.php?rest_route=%2Fwp%2Fv2%2Fmedia&parent=18124"}],"wp:term":[{"taxonomy":"category","embeddable":true,"href":"https:\/\/wgphoto.pl\/t\/index.php?rest_route=%2Fwp%2Fv2%2Fcategories&post=18124"},{"taxonomy":"post_tag","embeddable":true,"href":"https:\/\/wgphoto.pl\/t\/index.php?rest_route=%2Fwp%2Fv2%2Ftags&post=18124"}],"curies":[{"name":"wp","href":"https:\/\/api.w.org\/{rel}","templated":true}]}}