{"id":18130,"date":"2025-06-08T12:59:04","date_gmt":"2025-06-08T10:59:04","guid":{"rendered":"https:\/\/wgphoto.pl\/t\/?p=18130"},"modified":"2025-06-08T12:59:04","modified_gmt":"2025-06-08T10:59:04","slug":"zero-najbrta","status":"publish","type":"post","link":"https:\/\/wgphoto.pl\/t\/?p=18130","title":{"rendered":"Zero Najbrta"},"content":{"rendered":"\n<figure class=\"wp-block-image aligncenter size-full\"><img loading=\"lazy\" decoding=\"async\" width=\"1300\" height=\"870\" src=\"https:\/\/wgphoto.pl\/t\/wp-content\/uploads\/2025\/06\/IMGP6403-1.jpg\" alt=\"\" class=\"wp-image-18131\" srcset=\"https:\/\/wgphoto.pl\/t\/wp-content\/uploads\/2025\/06\/IMGP6403-1.jpg 1300w, https:\/\/wgphoto.pl\/t\/wp-content\/uploads\/2025\/06\/IMGP6403-1-300x201.jpg 300w, https:\/\/wgphoto.pl\/t\/wp-content\/uploads\/2025\/06\/IMGP6403-1-768x514.jpg 768w\" sizes=\"auto, (max-width: 1300px) 100vw, 1300px\" \/><\/figure>\n\n\n\n<div class=\"wp-block-group has-global-padding is-layout-constrained wp-block-group-is-layout-constrained\">\n<p>Wystawa taboru o poranku w \u010c\u00ed\u010denicach, od lewej stoj\u0105: 242.279-8, 814.083, 810.226-1 i 810.174-3. 25.08.2010<\/p>\n<\/div>\n","protected":false},"excerpt":{"rendered":"<p>Wystawa taboru o poranku w \u010c\u00ed\u010denicach, od lewej stoj\u0105: 242.279-8, 814.083, 810.226-1 i 810.174-3. 25.08.2010<\/p>\n","protected":false},"author":1,"featured_media":18131,"comment_status":"open","ping_status":"","sticky":false,"template":"","format":"standard","meta":{"footnotes":""},"categories":[2,86],"tags":[308,305,92,211,50,2314,49,176,716],"class_list":["post-18130","post","type-post","status-publish","format-standard","has-post-thumbnail","hentry","category-kolej","category-rok-2010","tag-2010-08-25","tag-305","tag-92","tag-211","tag-cd","tag-cicenice","tag-czechy","tag-rano","tag-tab-cz190"],"_links":{"self":[{"href":"https:\/\/wgphoto.pl\/t\/index.php?rest_route=\/wp\/v2\/posts\/18130","targetHints":{"allow":["GET"]}}],"collection":[{"href":"https:\/\/wgphoto.pl\/t\/index.php?rest_route=\/wp\/v2\/posts"}],"about":[{"href":"https:\/\/wgphoto.pl\/t\/index.php?rest_route=\/wp\/v2\/types\/post"}],"author":[{"embeddable":true,"href":"https:\/\/wgphoto.pl\/t\/index.php?rest_route=\/wp\/v2\/users\/1"}],"replies":[{"embeddable":true,"href":"https:\/\/wgphoto.pl\/t\/index.php?rest_route=%2Fwp%2Fv2%2Fcomments&post=18130"}],"version-history":[{"count":1,"href":"https:\/\/wgphoto.pl\/t\/index.php?rest_route=\/wp\/v2\/posts\/18130\/revisions"}],"predecessor-version":[{"id":18132,"href":"https:\/\/wgphoto.pl\/t\/index.php?rest_route=\/wp\/v2\/posts\/18130\/revisions\/18132"}],"wp:featuredmedia":[{"embeddable":true,"href":"https:\/\/wgphoto.pl\/t\/index.php?rest_route=\/wp\/v2\/media\/18131"}],"wp:attachment":[{"href":"https:\/\/wgphoto.pl\/t\/index.php?rest_route=%2Fwp%2Fv2%2Fmedia&parent=18130"}],"wp:term":[{"taxonomy":"category","embeddable":true,"href":"https:\/\/wgphoto.pl\/t\/index.php?rest_route=%2Fwp%2Fv2%2Fcategories&post=18130"},{"taxonomy":"post_tag","embeddable":true,"href":"https:\/\/wgphoto.pl\/t\/index.php?rest_route=%2Fwp%2Fv2%2Ftags&post=18130"}],"curies":[{"name":"wp","href":"https:\/\/api.w.org\/{rel}","templated":true}]}}