{"id":18142,"date":"2025-06-08T13:02:30","date_gmt":"2025-06-08T11:02:30","guid":{"rendered":"https:\/\/wgphoto.pl\/t\/?p=18142"},"modified":"2025-06-08T13:02:30","modified_gmt":"2025-06-08T11:02:30","slug":"w-stanie-chorobowym","status":"publish","type":"post","link":"https:\/\/wgphoto.pl\/t\/?p=18142","title":{"rendered":"W stanie chorobowym"},"content":{"rendered":"\n<figure class=\"wp-block-image aligncenter size-full\"><img loading=\"lazy\" decoding=\"async\" width=\"1300\" height=\"870\" src=\"https:\/\/wgphoto.pl\/t\/wp-content\/uploads\/2025\/06\/IMGP7941.jpg\" alt=\"\" class=\"wp-image-18143\" srcset=\"https:\/\/wgphoto.pl\/t\/wp-content\/uploads\/2025\/06\/IMGP7941.jpg 1300w, https:\/\/wgphoto.pl\/t\/wp-content\/uploads\/2025\/06\/IMGP7941-300x201.jpg 300w, https:\/\/wgphoto.pl\/t\/wp-content\/uploads\/2025\/06\/IMGP7941-768x514.jpg 768w\" sizes=\"auto, (max-width: 1300px) 100vw, 1300px\" \/><\/figure>\n\n\n\n<div class=\"wp-block-group has-global-padding is-layout-constrained wp-block-group-is-layout-constrained\">\n<p>754.063-6 z poci\u0105giem osobowym 4836 relacji Brno hl.n. &#8211; Ok\u0159\u00ed\u0161ky opuszcza N\u00e1m\u011b\u0161\u0165 nad Oslavou. Ten czterodniowy wyjazd do Czech by\u0142 bardzo dziwny, poniewa\u017c drugiego dnia (tego ze zdj\u0119cia) chwyci\u0142 mnie jaki\u015b paskudny wirus. Jest w\u0142a\u015bnie godzina 15, a ja robi\u0119 ostatnie zdj\u0119cia i spadam na nocleg do \u0142\u00f3\u017cka, bo czuj\u0119 spor\u0105 gor\u0105czk\u0119. Nie maj\u0105c \u017cadnych apap\u00f3w pozosta\u0142o mi robienie zimnych ok\u0142ad\u00f3w przez ca\u0142\u0105 noc, co jako\u015b mnie zreanimowa\u0142o na nast\u0119pny dzie\u0144, a jeszcze kolejnego, w dniu powrotu, by\u0142em ju\u017c w pe\u0142ni si\u0142. Mora\u0142 z tego taki: wo\u017acie ze sob\u0105 jakie\u015b apapy czy inne prochy, ja to od tamtej pory zawsze robi\u0119. 15.09.2010<\/p>\n<\/div>\n","protected":false},"excerpt":{"rendered":"<p>754.063-6 z poci\u0105giem osobowym 4836 relacji Brno hl.n. &#8211; Ok\u0159\u00ed\u0161ky opuszcza N\u00e1m\u011b\u0161\u0165 nad Oslavou. Ten czterodniowy wyjazd do Czech by\u0142 bardzo dziwny, poniewa\u017c drugiego dnia (tego ze zdj\u0119cia) chwyci\u0142 mnie jaki\u015b paskudny wirus. Jest w\u0142a\u015bnie godzina 15, a ja robi\u0119 ostatnie zdj\u0119cia i spadam na nocleg do \u0142\u00f3\u017cka, bo czuj\u0119 spor\u0105 gor\u0105czk\u0119. Nie maj\u0105c \u017cadnych [&hellip;]<\/p>\n","protected":false},"author":1,"featured_media":18143,"comment_status":"open","ping_status":"","sticky":false,"template":"","format":"standard","meta":{"footnotes":""},"categories":[2,86],"tags":[1356,335,50,49,3469,1354],"class_list":["post-18142","post","type-post","status-publish","format-standard","has-post-thumbnail","hentry","category-kolej","category-rok-2010","tag-2010-09-15","tag-335","tag-cd","tag-czechy","tag-namest-nad-oslavou","tag-tab-cz240"],"_links":{"self":[{"href":"https:\/\/wgphoto.pl\/t\/index.php?rest_route=\/wp\/v2\/posts\/18142","targetHints":{"allow":["GET"]}}],"collection":[{"href":"https:\/\/wgphoto.pl\/t\/index.php?rest_route=\/wp\/v2\/posts"}],"about":[{"href":"https:\/\/wgphoto.pl\/t\/index.php?rest_route=\/wp\/v2\/types\/post"}],"author":[{"embeddable":true,"href":"https:\/\/wgphoto.pl\/t\/index.php?rest_route=\/wp\/v2\/users\/1"}],"replies":[{"embeddable":true,"href":"https:\/\/wgphoto.pl\/t\/index.php?rest_route=%2Fwp%2Fv2%2Fcomments&post=18142"}],"version-history":[{"count":1,"href":"https:\/\/wgphoto.pl\/t\/index.php?rest_route=\/wp\/v2\/posts\/18142\/revisions"}],"predecessor-version":[{"id":18144,"href":"https:\/\/wgphoto.pl\/t\/index.php?rest_route=\/wp\/v2\/posts\/18142\/revisions\/18144"}],"wp:featuredmedia":[{"embeddable":true,"href":"https:\/\/wgphoto.pl\/t\/index.php?rest_route=\/wp\/v2\/media\/18143"}],"wp:attachment":[{"href":"https:\/\/wgphoto.pl\/t\/index.php?rest_route=%2Fwp%2Fv2%2Fmedia&parent=18142"}],"wp:term":[{"taxonomy":"category","embeddable":true,"href":"https:\/\/wgphoto.pl\/t\/index.php?rest_route=%2Fwp%2Fv2%2Fcategories&post=18142"},{"taxonomy":"post_tag","embeddable":true,"href":"https:\/\/wgphoto.pl\/t\/index.php?rest_route=%2Fwp%2Fv2%2Ftags&post=18142"}],"curies":[{"name":"wp","href":"https:\/\/api.w.org\/{rel}","templated":true}]}}