{"id":18145,"date":"2025-06-08T13:03:27","date_gmt":"2025-06-08T11:03:27","guid":{"rendered":"https:\/\/wgphoto.pl\/t\/?p=18145"},"modified":"2025-06-08T13:11:08","modified_gmt":"2025-06-08T11:11:08","slug":"ksiezyc-o-poranku","status":"publish","type":"post","link":"https:\/\/wgphoto.pl\/t\/?p=18145","title":{"rendered":"Ksi\u0119\u017cyc o poranku"},"content":{"rendered":"\n<figure class=\"wp-block-image aligncenter size-full\"><img loading=\"lazy\" decoding=\"async\" width=\"1300\" height=\"862\" src=\"https:\/\/wgphoto.pl\/t\/wp-content\/uploads\/2025\/06\/0738-33.jpg\" alt=\"\" class=\"wp-image-18146\" srcset=\"https:\/\/wgphoto.pl\/t\/wp-content\/uploads\/2025\/06\/0738-33.jpg 1300w, https:\/\/wgphoto.pl\/t\/wp-content\/uploads\/2025\/06\/0738-33-300x199.jpg 300w, https:\/\/wgphoto.pl\/t\/wp-content\/uploads\/2025\/06\/0738-33-768x509.jpg 768w\" sizes=\"auto, (max-width: 1300px) 100vw, 1300px\" \/><\/figure>\n\n\n\n<div class=\"wp-block-group has-global-padding is-layout-constrained wp-block-group-is-layout-constrained\">\n<p>SU42-540 z porann\u0105 osob\u00f3wk\u0105 44120 relacji Legnica &#8211; Kamieniec Z\u0105bkowicki w czasie postoju na stacji Strzegom, gdzie nast\u0105pi\u0142o krzy\u017cowanie ze sk\u0142adem do Legnicy. 23.12.2007<\/p>\n<\/div>\n","protected":false},"excerpt":{"rendered":"<p>SU42-540 z porann\u0105 osob\u00f3wk\u0105 44120 relacji Legnica &#8211; Kamieniec Z\u0105bkowicki w czasie postoju na stacji Strzegom, gdzie nast\u0105pi\u0142o krzy\u017cowanie ze sk\u0142adem do Legnicy. 23.12.2007<\/p>\n","protected":false},"author":1,"featured_media":18146,"comment_status":"open","ping_status":"","sticky":false,"template":"","format":"standard","meta":{"footnotes":""},"categories":[62,2,96],"tags":[2340,2859,154,24,63,27,905,433,250,319],"class_list":["post-18145","post","type-post","status-publish","format-standard","has-post-thumbnail","hentry","category-analog","category-kolej","category-rok-2007","tag-2007-12-23","tag-ksiezyc","tag-noc","tag-perony","tag-pkp","tag-polska","tag-przez","tag-strzegom","tag-su42","tag-tab-pl235"],"_links":{"self":[{"href":"https:\/\/wgphoto.pl\/t\/index.php?rest_route=\/wp\/v2\/posts\/18145","targetHints":{"allow":["GET"]}}],"collection":[{"href":"https:\/\/wgphoto.pl\/t\/index.php?rest_route=\/wp\/v2\/posts"}],"about":[{"href":"https:\/\/wgphoto.pl\/t\/index.php?rest_route=\/wp\/v2\/types\/post"}],"author":[{"embeddable":true,"href":"https:\/\/wgphoto.pl\/t\/index.php?rest_route=\/wp\/v2\/users\/1"}],"replies":[{"embeddable":true,"href":"https:\/\/wgphoto.pl\/t\/index.php?rest_route=%2Fwp%2Fv2%2Fcomments&post=18145"}],"version-history":[{"count":1,"href":"https:\/\/wgphoto.pl\/t\/index.php?rest_route=\/wp\/v2\/posts\/18145\/revisions"}],"predecessor-version":[{"id":18147,"href":"https:\/\/wgphoto.pl\/t\/index.php?rest_route=\/wp\/v2\/posts\/18145\/revisions\/18147"}],"wp:featuredmedia":[{"embeddable":true,"href":"https:\/\/wgphoto.pl\/t\/index.php?rest_route=\/wp\/v2\/media\/18146"}],"wp:attachment":[{"href":"https:\/\/wgphoto.pl\/t\/index.php?rest_route=%2Fwp%2Fv2%2Fmedia&parent=18145"}],"wp:term":[{"taxonomy":"category","embeddable":true,"href":"https:\/\/wgphoto.pl\/t\/index.php?rest_route=%2Fwp%2Fv2%2Fcategories&post=18145"},{"taxonomy":"post_tag","embeddable":true,"href":"https:\/\/wgphoto.pl\/t\/index.php?rest_route=%2Fwp%2Fv2%2Ftags&post=18145"}],"curies":[{"name":"wp","href":"https:\/\/api.w.org\/{rel}","templated":true}]}}