{"id":18148,"date":"2025-06-08T13:04:20","date_gmt":"2025-06-08T11:04:20","guid":{"rendered":"https:\/\/wgphoto.pl\/t\/?p=18148"},"modified":"2025-06-08T13:04:20","modified_gmt":"2025-06-08T11:04:20","slug":"wagon-bezposredni","status":"publish","type":"post","link":"https:\/\/wgphoto.pl\/t\/?p=18148","title":{"rendered":"Wagon bezpo\u015bredni"},"content":{"rendered":"\n<figure class=\"wp-block-image aligncenter size-full\"><img loading=\"lazy\" decoding=\"async\" width=\"1300\" height=\"870\" src=\"https:\/\/wgphoto.pl\/t\/wp-content\/uploads\/2025\/06\/IMGP3105.jpg\" alt=\"\" class=\"wp-image-18149\" srcset=\"https:\/\/wgphoto.pl\/t\/wp-content\/uploads\/2025\/06\/IMGP3105.jpg 1300w, https:\/\/wgphoto.pl\/t\/wp-content\/uploads\/2025\/06\/IMGP3105-300x201.jpg 300w, https:\/\/wgphoto.pl\/t\/wp-content\/uploads\/2025\/06\/IMGP3105-768x514.jpg 768w\" sizes=\"auto, (max-width: 1300px) 100vw, 1300px\" \/><\/figure>\n\n\n\n<div class=\"wp-block-group has-global-padding is-layout-constrained wp-block-group-is-layout-constrained\">\n<p>EU07-152 z poci\u0105giem osobowym 3021 &#8222;\u015anie\u017cnik&#8221; z K\u0142odzka G\u0142. (wagon bezpo\u015bredni z Wroc\u0142awia) do Mi\u0119dzylesia wjed\u017ca na stacj\u0119 Bystrzyca K\u0142odzka Przedmie\u015bcie. 21.03.2009<\/p>\n<\/div>\n","protected":false},"excerpt":{"rendered":"<p>EU07-152 z poci\u0105giem osobowym 3021 &#8222;\u015anie\u017cnik&#8221; z K\u0142odzka G\u0142. (wagon bezpo\u015bredni z Wroc\u0142awia) do Mi\u0119dzylesia wjed\u017ca na stacj\u0119 Bystrzyca K\u0142odzka Przedmie\u015bcie. 21.03.2009<\/p>\n","protected":false},"author":1,"featured_media":18149,"comment_status":"open","ping_status":"","sticky":false,"template":"","format":"standard","meta":{"footnotes":""},"categories":[2,169],"tags":[387,3679,122,63,27,383],"class_list":["post-18148","post","type-post","status-publish","format-standard","has-post-thumbnail","hentry","category-kolej","category-rok-2009","tag-2009-03-21","tag-bystrzyca-klodzka-przedmiescie","tag-eu07","tag-pkp","tag-polska","tag-tab-pl230"],"_links":{"self":[{"href":"https:\/\/wgphoto.pl\/t\/index.php?rest_route=\/wp\/v2\/posts\/18148","targetHints":{"allow":["GET"]}}],"collection":[{"href":"https:\/\/wgphoto.pl\/t\/index.php?rest_route=\/wp\/v2\/posts"}],"about":[{"href":"https:\/\/wgphoto.pl\/t\/index.php?rest_route=\/wp\/v2\/types\/post"}],"author":[{"embeddable":true,"href":"https:\/\/wgphoto.pl\/t\/index.php?rest_route=\/wp\/v2\/users\/1"}],"replies":[{"embeddable":true,"href":"https:\/\/wgphoto.pl\/t\/index.php?rest_route=%2Fwp%2Fv2%2Fcomments&post=18148"}],"version-history":[{"count":1,"href":"https:\/\/wgphoto.pl\/t\/index.php?rest_route=\/wp\/v2\/posts\/18148\/revisions"}],"predecessor-version":[{"id":18150,"href":"https:\/\/wgphoto.pl\/t\/index.php?rest_route=\/wp\/v2\/posts\/18148\/revisions\/18150"}],"wp:featuredmedia":[{"embeddable":true,"href":"https:\/\/wgphoto.pl\/t\/index.php?rest_route=\/wp\/v2\/media\/18149"}],"wp:attachment":[{"href":"https:\/\/wgphoto.pl\/t\/index.php?rest_route=%2Fwp%2Fv2%2Fmedia&parent=18148"}],"wp:term":[{"taxonomy":"category","embeddable":true,"href":"https:\/\/wgphoto.pl\/t\/index.php?rest_route=%2Fwp%2Fv2%2Fcategories&post=18148"},{"taxonomy":"post_tag","embeddable":true,"href":"https:\/\/wgphoto.pl\/t\/index.php?rest_route=%2Fwp%2Fv2%2Ftags&post=18148"}],"curies":[{"name":"wp","href":"https:\/\/api.w.org\/{rel}","templated":true}]}}