{"id":18157,"date":"2025-06-08T13:07:07","date_gmt":"2025-06-08T11:07:07","guid":{"rendered":"https:\/\/wgphoto.pl\/t\/?p=18157"},"modified":"2025-06-08T13:07:07","modified_gmt":"2025-06-08T11:07:07","slug":"su45-214-szydlow","status":"publish","type":"post","link":"https:\/\/wgphoto.pl\/t\/?p=18157","title":{"rendered":"SU45-214, Szyd\u0142\u00f3w"},"content":{"rendered":"\n<figure class=\"wp-block-image aligncenter size-full\"><img loading=\"lazy\" decoding=\"async\" width=\"1300\" height=\"862\" src=\"https:\/\/wgphoto.pl\/t\/wp-content\/uploads\/2025\/06\/0407-21.jpg\" alt=\"\" class=\"wp-image-18158\" srcset=\"https:\/\/wgphoto.pl\/t\/wp-content\/uploads\/2025\/06\/0407-21.jpg 1300w, https:\/\/wgphoto.pl\/t\/wp-content\/uploads\/2025\/06\/0407-21-300x199.jpg 300w, https:\/\/wgphoto.pl\/t\/wp-content\/uploads\/2025\/06\/0407-21-768x509.jpg 768w\" sizes=\"auto, (max-width: 1300px) 100vw, 1300px\" \/><\/figure>\n\n\n\n<div class=\"wp-block-group has-global-padding is-layout-constrained wp-block-group-is-layout-constrained\">\n<p>Kamieniecki Fiat SU45-214 w planowej obs\u0142udze poci\u0105gu osobowego 9933 relacji Opole G\u0142. &#8211; Nysa wje\u017cd\u017ca do Szyd\u0142owa. 28.05.2004<\/p>\n<\/div>\n","protected":false},"excerpt":{"rendered":"<p>Kamieniecki Fiat SU45-214 w planowej obs\u0142udze poci\u0105gu osobowego 9933 relacji Opole G\u0142. &#8211; Nysa wje\u017cd\u017ca do Szyd\u0142owa. 28.05.2004<\/p>\n","protected":false},"author":1,"featured_media":18158,"comment_status":"open","ping_status":"","sticky":false,"template":"","format":"standard","meta":{"footnotes":""},"categories":[62,2,61],"tags":[2350,288,63,27,290,314,312],"class_list":["post-18157","post","type-post","status-publish","format-standard","has-post-thumbnail","hentry","category-analog","category-kolej","category-rok-2004","tag-2004-05-28","tag-bipa","tag-pkp","tag-polska","tag-su45","tag-szydlow","tag-tab-pl202"],"_links":{"self":[{"href":"https:\/\/wgphoto.pl\/t\/index.php?rest_route=\/wp\/v2\/posts\/18157","targetHints":{"allow":["GET"]}}],"collection":[{"href":"https:\/\/wgphoto.pl\/t\/index.php?rest_route=\/wp\/v2\/posts"}],"about":[{"href":"https:\/\/wgphoto.pl\/t\/index.php?rest_route=\/wp\/v2\/types\/post"}],"author":[{"embeddable":true,"href":"https:\/\/wgphoto.pl\/t\/index.php?rest_route=\/wp\/v2\/users\/1"}],"replies":[{"embeddable":true,"href":"https:\/\/wgphoto.pl\/t\/index.php?rest_route=%2Fwp%2Fv2%2Fcomments&post=18157"}],"version-history":[{"count":1,"href":"https:\/\/wgphoto.pl\/t\/index.php?rest_route=\/wp\/v2\/posts\/18157\/revisions"}],"predecessor-version":[{"id":18159,"href":"https:\/\/wgphoto.pl\/t\/index.php?rest_route=\/wp\/v2\/posts\/18157\/revisions\/18159"}],"wp:featuredmedia":[{"embeddable":true,"href":"https:\/\/wgphoto.pl\/t\/index.php?rest_route=\/wp\/v2\/media\/18158"}],"wp:attachment":[{"href":"https:\/\/wgphoto.pl\/t\/index.php?rest_route=%2Fwp%2Fv2%2Fmedia&parent=18157"}],"wp:term":[{"taxonomy":"category","embeddable":true,"href":"https:\/\/wgphoto.pl\/t\/index.php?rest_route=%2Fwp%2Fv2%2Fcategories&post=18157"},{"taxonomy":"post_tag","embeddable":true,"href":"https:\/\/wgphoto.pl\/t\/index.php?rest_route=%2Fwp%2Fv2%2Ftags&post=18157"}],"curies":[{"name":"wp","href":"https:\/\/api.w.org\/{rel}","templated":true}]}}