{"id":18163,"date":"2025-06-08T13:54:30","date_gmt":"2025-06-08T11:54:30","guid":{"rendered":"https:\/\/wgphoto.pl\/t\/?p=18163"},"modified":"2025-06-08T13:54:30","modified_gmt":"2025-06-08T11:54:30","slug":"szwedzki-specjal","status":"publish","type":"post","link":"https:\/\/wgphoto.pl\/t\/?p=18163","title":{"rendered":"Szwedzki specjal"},"content":{"rendered":"\n<figure class=\"wp-block-image aligncenter size-full\"><img loading=\"lazy\" decoding=\"async\" width=\"1300\" height=\"861\" src=\"https:\/\/wgphoto.pl\/t\/wp-content\/uploads\/2025\/06\/IMGP4654.jpg\" alt=\"\" class=\"wp-image-18164\" srcset=\"https:\/\/wgphoto.pl\/t\/wp-content\/uploads\/2025\/06\/IMGP4654.jpg 1300w, https:\/\/wgphoto.pl\/t\/wp-content\/uploads\/2025\/06\/IMGP4654-300x199.jpg 300w, https:\/\/wgphoto.pl\/t\/wp-content\/uploads\/2025\/06\/IMGP4654-768x509.jpg 768w\" sizes=\"auto, (max-width: 1300px) 100vw, 1300px\" \/><\/figure>\n\n\n\n<div class=\"wp-block-group has-global-padding is-layout-constrained wp-block-group-is-layout-constrained\">\n<p>Poci\u0105g specjalny 89263 relacji Avesta Krylbo &#8211; Stockholm C, prowadzony maszyn\u0105 F 701, nale\u017c\u0105c\u0105 do lokalnych mi\u0142o\u015bnik\u00f3w z towarzystwa SK\u00c5J, przemierza szwedzkie pola na szlaku Avesta Krylbo &#8211; Rosshyttan. 25.09.2021<\/p>\n<\/div>\n","protected":false},"excerpt":{"rendered":"<p>Poci\u0105g specjalny 89263 relacji Avesta Krylbo &#8211; Stockholm C, prowadzony maszyn\u0105 F 701, nale\u017c\u0105c\u0105 do lokalnych mi\u0142o\u015bnik\u00f3w z towarzystwa SK\u00c5J, przemierza szwedzkie pola na szlaku Avesta Krylbo &#8211; Rosshyttan. 25.09.2021<\/p>\n","protected":false},"author":1,"featured_media":18164,"comment_status":"open","ping_status":"","sticky":false,"template":"","format":"standard","meta":{"footnotes":""},"categories":[2,681],"tags":[2569,3947,139,3948,1372,3949,685,687],"class_list":["post-18163","post","type-post","status-publish","format-standard","has-post-thumbnail","hentry","category-kolej","category-rok-2021","tag-2021-09-25","tag-avesta-krylbo","tag-retro","tag-rosshyttan","tag-sj","tag-skaj","tag-szwecja","tag-szwecja-2021"],"_links":{"self":[{"href":"https:\/\/wgphoto.pl\/t\/index.php?rest_route=\/wp\/v2\/posts\/18163","targetHints":{"allow":["GET"]}}],"collection":[{"href":"https:\/\/wgphoto.pl\/t\/index.php?rest_route=\/wp\/v2\/posts"}],"about":[{"href":"https:\/\/wgphoto.pl\/t\/index.php?rest_route=\/wp\/v2\/types\/post"}],"author":[{"embeddable":true,"href":"https:\/\/wgphoto.pl\/t\/index.php?rest_route=\/wp\/v2\/users\/1"}],"replies":[{"embeddable":true,"href":"https:\/\/wgphoto.pl\/t\/index.php?rest_route=%2Fwp%2Fv2%2Fcomments&post=18163"}],"version-history":[{"count":1,"href":"https:\/\/wgphoto.pl\/t\/index.php?rest_route=\/wp\/v2\/posts\/18163\/revisions"}],"predecessor-version":[{"id":18165,"href":"https:\/\/wgphoto.pl\/t\/index.php?rest_route=\/wp\/v2\/posts\/18163\/revisions\/18165"}],"wp:featuredmedia":[{"embeddable":true,"href":"https:\/\/wgphoto.pl\/t\/index.php?rest_route=\/wp\/v2\/media\/18164"}],"wp:attachment":[{"href":"https:\/\/wgphoto.pl\/t\/index.php?rest_route=%2Fwp%2Fv2%2Fmedia&parent=18163"}],"wp:term":[{"taxonomy":"category","embeddable":true,"href":"https:\/\/wgphoto.pl\/t\/index.php?rest_route=%2Fwp%2Fv2%2Fcategories&post=18163"},{"taxonomy":"post_tag","embeddable":true,"href":"https:\/\/wgphoto.pl\/t\/index.php?rest_route=%2Fwp%2Fv2%2Ftags&post=18163"}],"curies":[{"name":"wp","href":"https:\/\/api.w.org\/{rel}","templated":true}]}}