{"id":18179,"date":"2025-06-08T14:00:29","date_gmt":"2025-06-08T12:00:29","guid":{"rendered":"https:\/\/wgphoto.pl\/t\/?p=18179"},"modified":"2025-06-08T14:00:29","modified_gmt":"2025-06-08T12:00:29","slug":"protoplasta-szynobusu","status":"publish","type":"post","link":"https:\/\/wgphoto.pl\/t\/?p=18179","title":{"rendered":"Protoplasta szynobusu"},"content":{"rendered":"\n<figure class=\"wp-block-image aligncenter size-full\"><img loading=\"lazy\" decoding=\"async\" width=\"1300\" height=\"812\" src=\"https:\/\/wgphoto.pl\/t\/wp-content\/uploads\/2025\/06\/0709-24.jpg\" alt=\"\" class=\"wp-image-18180\" srcset=\"https:\/\/wgphoto.pl\/t\/wp-content\/uploads\/2025\/06\/0709-24.jpg 1300w, https:\/\/wgphoto.pl\/t\/wp-content\/uploads\/2025\/06\/0709-24-300x187.jpg 300w, https:\/\/wgphoto.pl\/t\/wp-content\/uploads\/2025\/06\/0709-24-768x480.jpg 768w\" sizes=\"auto, (max-width: 1300px) 100vw, 1300px\" \/><\/figure>\n\n\n\n<div class=\"wp-block-group has-global-padding is-layout-constrained wp-block-group-is-layout-constrained\">\n<p>Odcinkiem Szczytna &#8211; Duszniki-Zdr\u00f3j jedzie powoli sk\u0142ad SU42-529+Bh jako poci\u0105g osobowy 3333 z K\u0142odzka do Kudowy. 02.05.2007<\/p>\n<\/div>\n","protected":false},"excerpt":{"rendered":"<p>Odcinkiem Szczytna &#8211; Duszniki-Zdr\u00f3j jedzie powoli sk\u0142ad SU42-529+Bh jako poci\u0105g osobowy 3333 z K\u0142odzka do Kudowy. 02.05.2007<\/p>\n","protected":false},"author":1,"featured_media":18180,"comment_status":"open","ping_status":"","sticky":false,"template":"","format":"standard","meta":{"footnotes":""},"categories":[62,2,96],"tags":[3955,1604,63,27,250,2207,383],"class_list":["post-18179","post","type-post","status-publish","format-standard","has-post-thumbnail","hentry","category-analog","category-kolej","category-rok-2007","tag-2007-05-02","tag-duszniki-zdroj","tag-pkp","tag-polska","tag-su42","tag-szczytna","tag-tab-pl230"],"_links":{"self":[{"href":"https:\/\/wgphoto.pl\/t\/index.php?rest_route=\/wp\/v2\/posts\/18179","targetHints":{"allow":["GET"]}}],"collection":[{"href":"https:\/\/wgphoto.pl\/t\/index.php?rest_route=\/wp\/v2\/posts"}],"about":[{"href":"https:\/\/wgphoto.pl\/t\/index.php?rest_route=\/wp\/v2\/types\/post"}],"author":[{"embeddable":true,"href":"https:\/\/wgphoto.pl\/t\/index.php?rest_route=\/wp\/v2\/users\/1"}],"replies":[{"embeddable":true,"href":"https:\/\/wgphoto.pl\/t\/index.php?rest_route=%2Fwp%2Fv2%2Fcomments&post=18179"}],"version-history":[{"count":1,"href":"https:\/\/wgphoto.pl\/t\/index.php?rest_route=\/wp\/v2\/posts\/18179\/revisions"}],"predecessor-version":[{"id":18181,"href":"https:\/\/wgphoto.pl\/t\/index.php?rest_route=\/wp\/v2\/posts\/18179\/revisions\/18181"}],"wp:featuredmedia":[{"embeddable":true,"href":"https:\/\/wgphoto.pl\/t\/index.php?rest_route=\/wp\/v2\/media\/18180"}],"wp:attachment":[{"href":"https:\/\/wgphoto.pl\/t\/index.php?rest_route=%2Fwp%2Fv2%2Fmedia&parent=18179"}],"wp:term":[{"taxonomy":"category","embeddable":true,"href":"https:\/\/wgphoto.pl\/t\/index.php?rest_route=%2Fwp%2Fv2%2Fcategories&post=18179"},{"taxonomy":"post_tag","embeddable":true,"href":"https:\/\/wgphoto.pl\/t\/index.php?rest_route=%2Fwp%2Fv2%2Ftags&post=18179"}],"curies":[{"name":"wp","href":"https:\/\/api.w.org\/{rel}","templated":true}]}}