{"id":18182,"date":"2025-06-08T14:01:18","date_gmt":"2025-06-08T12:01:18","guid":{"rendered":"https:\/\/wgphoto.pl\/t\/?p=18182"},"modified":"2025-06-08T14:01:18","modified_gmt":"2025-06-08T12:01:18","slug":"zabrzanska-wiosna","status":"publish","type":"post","link":"https:\/\/wgphoto.pl\/t\/?p=18182","title":{"rendered":"Zabrza\u0144ska wiosna"},"content":{"rendered":"\n<figure class=\"wp-block-image aligncenter size-full\"><img loading=\"lazy\" decoding=\"async\" width=\"1200\" height=\"900\" src=\"https:\/\/wgphoto.pl\/t\/wp-content\/uploads\/2025\/06\/0709-31.jpg\" alt=\"\" class=\"wp-image-18183\" srcset=\"https:\/\/wgphoto.pl\/t\/wp-content\/uploads\/2025\/06\/0709-31.jpg 1200w, https:\/\/wgphoto.pl\/t\/wp-content\/uploads\/2025\/06\/0709-31-300x225.jpg 300w, https:\/\/wgphoto.pl\/t\/wp-content\/uploads\/2025\/06\/0709-31-768x576.jpg 768w\" sizes=\"auto, (max-width: 1200px) 100vw, 1200px\" \/><\/figure>\n\n\n\n<div class=\"wp-block-group has-global-padding is-layout-constrained wp-block-group-is-layout-constrained\">\n<p>Zabrze, ul. Wolno\u015bci, 105Na 608 wyje\u017cd\u017ca najprawdopodobniej na pusto z gliwickiej zajezdni, maj\u0105c za\u0142o\u017con\u0105 tablic\u0119 zjazdow\u0105. 04.05.2007<\/p>\n<\/div>\n","protected":false},"excerpt":{"rendered":"<p>Zabrze, ul. Wolno\u015bci, 105Na 608 wyje\u017cd\u017ca najprawdopodobniej na pusto z gliwickiej zajezdni, maj\u0105c za\u0142o\u017con\u0105 tablic\u0119 zjazdow\u0105. 04.05.2007<\/p>\n","protected":false},"author":1,"featured_media":18183,"comment_status":"open","ping_status":"","sticky":false,"template":"","format":"standard","meta":{"footnotes":""},"categories":[62,96,3],"tags":[155,2566,418,494,277,27,279,1021],"class_list":["post-18182","post","type-post","status-publish","format-standard","has-post-thumbnail","hentry","category-analog","category-rok-2007","category-tramwaj","tag-105na","tag-2007-05-04","tag-auto","tag-flaga","tag-gop","tag-polska","tag-tramwaje-slaskie","tag-zabrze"],"_links":{"self":[{"href":"https:\/\/wgphoto.pl\/t\/index.php?rest_route=\/wp\/v2\/posts\/18182","targetHints":{"allow":["GET"]}}],"collection":[{"href":"https:\/\/wgphoto.pl\/t\/index.php?rest_route=\/wp\/v2\/posts"}],"about":[{"href":"https:\/\/wgphoto.pl\/t\/index.php?rest_route=\/wp\/v2\/types\/post"}],"author":[{"embeddable":true,"href":"https:\/\/wgphoto.pl\/t\/index.php?rest_route=\/wp\/v2\/users\/1"}],"replies":[{"embeddable":true,"href":"https:\/\/wgphoto.pl\/t\/index.php?rest_route=%2Fwp%2Fv2%2Fcomments&post=18182"}],"version-history":[{"count":1,"href":"https:\/\/wgphoto.pl\/t\/index.php?rest_route=\/wp\/v2\/posts\/18182\/revisions"}],"predecessor-version":[{"id":18184,"href":"https:\/\/wgphoto.pl\/t\/index.php?rest_route=\/wp\/v2\/posts\/18182\/revisions\/18184"}],"wp:featuredmedia":[{"embeddable":true,"href":"https:\/\/wgphoto.pl\/t\/index.php?rest_route=\/wp\/v2\/media\/18183"}],"wp:attachment":[{"href":"https:\/\/wgphoto.pl\/t\/index.php?rest_route=%2Fwp%2Fv2%2Fmedia&parent=18182"}],"wp:term":[{"taxonomy":"category","embeddable":true,"href":"https:\/\/wgphoto.pl\/t\/index.php?rest_route=%2Fwp%2Fv2%2Fcategories&post=18182"},{"taxonomy":"post_tag","embeddable":true,"href":"https:\/\/wgphoto.pl\/t\/index.php?rest_route=%2Fwp%2Fv2%2Ftags&post=18182"}],"curies":[{"name":"wp","href":"https:\/\/api.w.org\/{rel}","templated":true}]}}