{"id":18185,"date":"2025-06-08T14:02:30","date_gmt":"2025-06-08T12:02:30","guid":{"rendered":"https:\/\/wgphoto.pl\/t\/?p=18185"},"modified":"2025-06-08T14:02:30","modified_gmt":"2025-06-08T12:02:30","slug":"motorak-na-doczepke","status":"publish","type":"post","link":"https:\/\/wgphoto.pl\/t\/?p=18185","title":{"rendered":"Motorak na doczepk\u0119"},"content":{"rendered":"\n<figure class=\"wp-block-image aligncenter size-full\"><img loading=\"lazy\" decoding=\"async\" width=\"1300\" height=\"813\" src=\"https:\/\/wgphoto.pl\/t\/wp-content\/uploads\/2025\/06\/IMGP1796-1.jpg\" alt=\"\" class=\"wp-image-18187\" srcset=\"https:\/\/wgphoto.pl\/t\/wp-content\/uploads\/2025\/06\/IMGP1796-1.jpg 1300w, https:\/\/wgphoto.pl\/t\/wp-content\/uploads\/2025\/06\/IMGP1796-1-300x188.jpg 300w, https:\/\/wgphoto.pl\/t\/wp-content\/uploads\/2025\/06\/IMGP1796-1-768x480.jpg 768w\" sizes=\"auto, (max-width: 1300px) 100vw, 1300px\" \/><\/figure>\n\n\n\n<div class=\"wp-block-group has-global-padding is-layout-constrained wp-block-group-is-layout-constrained\">\n<p>Poci\u0105g przyspieszony z Jesen\u00edka do Opola odje\u017cd\u017ca z P\u00edse\u010dnej. Na ko\u0144cu sk\u0142adu jedzie 810.026-5, zapewne jako podsy\u0142 do Mikulovic, sk\u0105d b\u0119dzie obs\u0142ugiwa\u0142 lokalne kursy do Zlat\u00fdch Hor. 14.02.2010<\/p>\n<\/div>\n","protected":false},"excerpt":{"rendered":"<p>Poci\u0105g przyspieszony z Jesen\u00edka do Opola odje\u017cd\u017ca z P\u00edse\u010dnej. Na ko\u0144cu sk\u0142adu jedzie 810.026-5, zapewne jako podsy\u0142 do Mikulovic, sk\u0105d b\u0119dzie obs\u0142ugiwa\u0142 lokalne kursy do Zlat\u00fdch Hor. 14.02.2010<\/p>\n","protected":false},"author":1,"featured_media":18187,"comment_status":"open","ping_status":"","sticky":false,"template":"","format":"standard","meta":{"footnotes":""},"categories":[2,86],"tags":[913,92,49,313,173,3956,44,167],"class_list":["post-18185","post","type-post","status-publish","format-standard","has-post-thumbnail","hentry","category-kolej","category-rok-2010","tag-2010-02-14","tag-92","tag-czechy","tag-dyzurny","tag-koncowki","tag-pisecna","tag-snieg","tag-tab-cz292"],"_links":{"self":[{"href":"https:\/\/wgphoto.pl\/t\/index.php?rest_route=\/wp\/v2\/posts\/18185","targetHints":{"allow":["GET"]}}],"collection":[{"href":"https:\/\/wgphoto.pl\/t\/index.php?rest_route=\/wp\/v2\/posts"}],"about":[{"href":"https:\/\/wgphoto.pl\/t\/index.php?rest_route=\/wp\/v2\/types\/post"}],"author":[{"embeddable":true,"href":"https:\/\/wgphoto.pl\/t\/index.php?rest_route=\/wp\/v2\/users\/1"}],"replies":[{"embeddable":true,"href":"https:\/\/wgphoto.pl\/t\/index.php?rest_route=%2Fwp%2Fv2%2Fcomments&post=18185"}],"version-history":[{"count":1,"href":"https:\/\/wgphoto.pl\/t\/index.php?rest_route=\/wp\/v2\/posts\/18185\/revisions"}],"predecessor-version":[{"id":18188,"href":"https:\/\/wgphoto.pl\/t\/index.php?rest_route=\/wp\/v2\/posts\/18185\/revisions\/18188"}],"wp:featuredmedia":[{"embeddable":true,"href":"https:\/\/wgphoto.pl\/t\/index.php?rest_route=\/wp\/v2\/media\/18187"}],"wp:attachment":[{"href":"https:\/\/wgphoto.pl\/t\/index.php?rest_route=%2Fwp%2Fv2%2Fmedia&parent=18185"}],"wp:term":[{"taxonomy":"category","embeddable":true,"href":"https:\/\/wgphoto.pl\/t\/index.php?rest_route=%2Fwp%2Fv2%2Fcategories&post=18185"},{"taxonomy":"post_tag","embeddable":true,"href":"https:\/\/wgphoto.pl\/t\/index.php?rest_route=%2Fwp%2Fv2%2Ftags&post=18185"}],"curies":[{"name":"wp","href":"https:\/\/api.w.org\/{rel}","templated":true}]}}