{"id":18212,"date":"2025-06-08T14:23:10","date_gmt":"2025-06-08T12:23:10","guid":{"rendered":"https:\/\/wgphoto.pl\/t\/?p=18212"},"modified":"2025-06-08T14:23:10","modified_gmt":"2025-06-08T12:23:10","slug":"bipa-nad-zielinskiego","status":"publish","type":"post","link":"https:\/\/wgphoto.pl\/t\/?p=18212","title":{"rendered":"Bipa na(d) Zieli\u0144skiego"},"content":{"rendered":"\n<figure class=\"wp-block-image aligncenter size-full\"><img loading=\"lazy\" decoding=\"async\" width=\"1300\" height=\"862\" src=\"https:\/\/wgphoto.pl\/t\/wp-content\/uploads\/2025\/06\/0715-18.jpg\" alt=\"\" class=\"wp-image-18213\" srcset=\"https:\/\/wgphoto.pl\/t\/wp-content\/uploads\/2025\/06\/0715-18.jpg 1300w, https:\/\/wgphoto.pl\/t\/wp-content\/uploads\/2025\/06\/0715-18-300x199.jpg 300w, https:\/\/wgphoto.pl\/t\/wp-content\/uploads\/2025\/06\/0715-18-768x509.jpg 768w\" sizes=\"auto, (max-width: 1300px) 100vw, 1300px\" \/><\/figure>\n\n\n\n<div class=\"wp-block-group has-global-padding is-layout-constrained wp-block-group-is-layout-constrained\">\n<p>ET22-981 z popo\u0142udniow\u0105 Bip\u0105 do Wa\u0142brzycha jad\u0105c szlakiem Wroc\u0142aw G\u0142\u00f3wny &#8211; Podg Grabiszyn mija targowisko na pl. Zieli\u0144skiego. 13.07.2007<\/p>\n<\/div>\n","protected":false},"excerpt":{"rendered":"<p>ET22-981 z popo\u0142udniow\u0105 Bip\u0105 do Wa\u0142brzycha jad\u0105c szlakiem Wroc\u0142aw G\u0142\u00f3wny &#8211; Podg Grabiszyn mija targowisko na pl. Zieli\u0144skiego. 13.07.2007<\/p>\n","protected":false},"author":1,"featured_media":18213,"comment_status":"open","ping_status":"","sticky":false,"template":"","format":"standard","meta":{"footnotes":""},"categories":[62,2,96],"tags":[3960,288,26,63,1544,27,200,41,180],"class_list":["post-18212","post","type-post","status-publish","format-standard","has-post-thumbnail","hentry","category-analog","category-kolej","category-rok-2007","tag-2007-07-13","tag-bipa","tag-et22","tag-pkp","tag-podg-grabiszyn","tag-polska","tag-tab-pl240","tag-wroclaw","tag-wroclaw-glowny"],"_links":{"self":[{"href":"https:\/\/wgphoto.pl\/t\/index.php?rest_route=\/wp\/v2\/posts\/18212","targetHints":{"allow":["GET"]}}],"collection":[{"href":"https:\/\/wgphoto.pl\/t\/index.php?rest_route=\/wp\/v2\/posts"}],"about":[{"href":"https:\/\/wgphoto.pl\/t\/index.php?rest_route=\/wp\/v2\/types\/post"}],"author":[{"embeddable":true,"href":"https:\/\/wgphoto.pl\/t\/index.php?rest_route=\/wp\/v2\/users\/1"}],"replies":[{"embeddable":true,"href":"https:\/\/wgphoto.pl\/t\/index.php?rest_route=%2Fwp%2Fv2%2Fcomments&post=18212"}],"version-history":[{"count":1,"href":"https:\/\/wgphoto.pl\/t\/index.php?rest_route=\/wp\/v2\/posts\/18212\/revisions"}],"predecessor-version":[{"id":18214,"href":"https:\/\/wgphoto.pl\/t\/index.php?rest_route=\/wp\/v2\/posts\/18212\/revisions\/18214"}],"wp:featuredmedia":[{"embeddable":true,"href":"https:\/\/wgphoto.pl\/t\/index.php?rest_route=\/wp\/v2\/media\/18213"}],"wp:attachment":[{"href":"https:\/\/wgphoto.pl\/t\/index.php?rest_route=%2Fwp%2Fv2%2Fmedia&parent=18212"}],"wp:term":[{"taxonomy":"category","embeddable":true,"href":"https:\/\/wgphoto.pl\/t\/index.php?rest_route=%2Fwp%2Fv2%2Fcategories&post=18212"},{"taxonomy":"post_tag","embeddable":true,"href":"https:\/\/wgphoto.pl\/t\/index.php?rest_route=%2Fwp%2Fv2%2Ftags&post=18212"}],"curies":[{"name":"wp","href":"https:\/\/api.w.org\/{rel}","templated":true}]}}