{"id":18215,"date":"2025-06-08T14:24:07","date_gmt":"2025-06-08T12:24:07","guid":{"rendered":"https:\/\/wgphoto.pl\/t\/?p=18215"},"modified":"2025-06-08T14:24:07","modified_gmt":"2025-06-08T12:24:07","slug":"37","status":"publish","type":"post","link":"https:\/\/wgphoto.pl\/t\/?p=18215","title":{"rendered":"37"},"content":{"rendered":"\n<figure class=\"wp-block-image aligncenter size-full\"><img loading=\"lazy\" decoding=\"async\" width=\"800\" height=\"1000\" src=\"https:\/\/wgphoto.pl\/t\/wp-content\/uploads\/2025\/06\/0317-26.jpg\" alt=\"\" class=\"wp-image-18216\" srcset=\"https:\/\/wgphoto.pl\/t\/wp-content\/uploads\/2025\/06\/0317-26.jpg 800w, https:\/\/wgphoto.pl\/t\/wp-content\/uploads\/2025\/06\/0317-26-240x300.jpg 240w, https:\/\/wgphoto.pl\/t\/wp-content\/uploads\/2025\/06\/0317-26-768x960.jpg 768w\" sizes=\"auto, (max-width: 800px) 100vw, 800px\" \/><\/figure>\n\n\n\n<div class=\"wp-block-group has-global-padding is-layout-constrained wp-block-group-is-layout-constrained\">\n<p>Wroc\u0142aw, plac Wr\u00f3blewskiego, godzina 5:51. Ostatni tego poranka kurs linii 37, obs\u0142ugiwany wozem 102Na 2070, zmierza w kierunku Krzyk\u00f3w. 28.06.2003<\/p>\n<\/div>\n","protected":false},"excerpt":{"rendered":"<p>Wroc\u0142aw, plac Wr\u00f3blewskiego, godzina 5:51. Ostatni tego poranka kurs linii 37, obs\u0142ugiwany wozem 102Na 2070, zmierza w kierunku Krzyk\u00f3w. 28.06.2003<\/p>\n","protected":false},"author":1,"featured_media":18216,"comment_status":"open","ping_status":"","sticky":false,"template":"","format":"standard","meta":{"footnotes":""},"categories":[62,128,149,3],"tags":[2713,34,309,42,27,176,41,846],"class_list":["post-18215","post","type-post","status-publish","format-standard","has-post-thumbnail","hentry","category-analog","category-pionowe","category-rok-2003","category-tramwaj","tag-2003-06-28","tag-architektura","tag-konstal-102na","tag-mpk-wroclaw","tag-polska","tag-rano","tag-wroclaw","tag-wroclawskie-linie-nocne"],"_links":{"self":[{"href":"https:\/\/wgphoto.pl\/t\/index.php?rest_route=\/wp\/v2\/posts\/18215","targetHints":{"allow":["GET"]}}],"collection":[{"href":"https:\/\/wgphoto.pl\/t\/index.php?rest_route=\/wp\/v2\/posts"}],"about":[{"href":"https:\/\/wgphoto.pl\/t\/index.php?rest_route=\/wp\/v2\/types\/post"}],"author":[{"embeddable":true,"href":"https:\/\/wgphoto.pl\/t\/index.php?rest_route=\/wp\/v2\/users\/1"}],"replies":[{"embeddable":true,"href":"https:\/\/wgphoto.pl\/t\/index.php?rest_route=%2Fwp%2Fv2%2Fcomments&post=18215"}],"version-history":[{"count":1,"href":"https:\/\/wgphoto.pl\/t\/index.php?rest_route=\/wp\/v2\/posts\/18215\/revisions"}],"predecessor-version":[{"id":18217,"href":"https:\/\/wgphoto.pl\/t\/index.php?rest_route=\/wp\/v2\/posts\/18215\/revisions\/18217"}],"wp:featuredmedia":[{"embeddable":true,"href":"https:\/\/wgphoto.pl\/t\/index.php?rest_route=\/wp\/v2\/media\/18216"}],"wp:attachment":[{"href":"https:\/\/wgphoto.pl\/t\/index.php?rest_route=%2Fwp%2Fv2%2Fmedia&parent=18215"}],"wp:term":[{"taxonomy":"category","embeddable":true,"href":"https:\/\/wgphoto.pl\/t\/index.php?rest_route=%2Fwp%2Fv2%2Fcategories&post=18215"},{"taxonomy":"post_tag","embeddable":true,"href":"https:\/\/wgphoto.pl\/t\/index.php?rest_route=%2Fwp%2Fv2%2Ftags&post=18215"}],"curies":[{"name":"wp","href":"https:\/\/api.w.org\/{rel}","templated":true}]}}