{"id":18230,"date":"2025-06-08T14:28:39","date_gmt":"2025-06-08T12:28:39","guid":{"rendered":"https:\/\/wgphoto.pl\/t\/?p=18230"},"modified":"2025-06-08T14:28:39","modified_gmt":"2025-06-08T12:28:39","slug":"slonce-we-wroclawiu","status":"publish","type":"post","link":"https:\/\/wgphoto.pl\/t\/?p=18230","title":{"rendered":"S\u0142o\u0144ce we Wroc\u0142awiu"},"content":{"rendered":"\n<figure class=\"wp-block-image aligncenter size-full\"><img loading=\"lazy\" decoding=\"async\" width=\"1300\" height=\"861\" src=\"https:\/\/wgphoto.pl\/t\/wp-content\/uploads\/2025\/06\/IMGP6576a.jpg\" alt=\"\" class=\"wp-image-18231\" srcset=\"https:\/\/wgphoto.pl\/t\/wp-content\/uploads\/2025\/06\/IMGP6576a.jpg 1300w, https:\/\/wgphoto.pl\/t\/wp-content\/uploads\/2025\/06\/IMGP6576a-300x199.jpg 300w, https:\/\/wgphoto.pl\/t\/wp-content\/uploads\/2025\/06\/IMGP6576a-768x509.jpg 768w\" sizes=\"auto, (max-width: 1300px) 100vw, 1300px\" \/><\/figure>\n\n\n\n<div class=\"wp-block-group has-global-padding is-layout-constrained wp-block-group-is-layout-constrained\">\n<p>Wroc\u0142aw, ul. Kosmonaut\u00f3w, sk\u0142ad 105NWr 2252+2253 jedzie po starych torach, kt\u00f3re wkr\u00f3tce zostan\u0105 zamkni\u0119te. Kilka tygodni p\u00f3\u017aniej tramwaje pojad\u0105 nowymi torami, kt\u00f3rych budow\u0119 wida\u0107 w tle, a w miejscu obecnego torowiska powstanie druga jezdnia. 25.03.2022<\/p>\n<\/div>\n","protected":false},"excerpt":{"rendered":"<p>Wroc\u0142aw, ul. Kosmonaut\u00f3w, sk\u0142ad 105NWr 2252+2253 jedzie po starych torach, kt\u00f3re wkr\u00f3tce zostan\u0105 zamkni\u0119te. Kilka tygodni p\u00f3\u017aniej tramwaje pojad\u0105 nowymi torami, kt\u00f3rych budow\u0119 wida\u0107 w tle, a w miejscu obecnego torowiska powstanie druga jezdnia. 25.03.2022<\/p>\n","protected":false},"author":1,"featured_media":18231,"comment_status":"open","ping_status":"","sticky":false,"template":"","format":"standard","meta":{"footnotes":""},"categories":[669,3],"tags":[43,3961,745,42,27,181,41],"class_list":["post-18230","post","type-post","status-publish","format-standard","has-post-thumbnail","hentry","category-rok-2022","category-tramwaj","tag-105nwr","tag-2022-03-25","tag-budowa","tag-mpk-wroclaw","tag-polska","tag-slonce","tag-wroclaw"],"_links":{"self":[{"href":"https:\/\/wgphoto.pl\/t\/index.php?rest_route=\/wp\/v2\/posts\/18230","targetHints":{"allow":["GET"]}}],"collection":[{"href":"https:\/\/wgphoto.pl\/t\/index.php?rest_route=\/wp\/v2\/posts"}],"about":[{"href":"https:\/\/wgphoto.pl\/t\/index.php?rest_route=\/wp\/v2\/types\/post"}],"author":[{"embeddable":true,"href":"https:\/\/wgphoto.pl\/t\/index.php?rest_route=\/wp\/v2\/users\/1"}],"replies":[{"embeddable":true,"href":"https:\/\/wgphoto.pl\/t\/index.php?rest_route=%2Fwp%2Fv2%2Fcomments&post=18230"}],"version-history":[{"count":1,"href":"https:\/\/wgphoto.pl\/t\/index.php?rest_route=\/wp\/v2\/posts\/18230\/revisions"}],"predecessor-version":[{"id":18232,"href":"https:\/\/wgphoto.pl\/t\/index.php?rest_route=\/wp\/v2\/posts\/18230\/revisions\/18232"}],"wp:featuredmedia":[{"embeddable":true,"href":"https:\/\/wgphoto.pl\/t\/index.php?rest_route=\/wp\/v2\/media\/18231"}],"wp:attachment":[{"href":"https:\/\/wgphoto.pl\/t\/index.php?rest_route=%2Fwp%2Fv2%2Fmedia&parent=18230"}],"wp:term":[{"taxonomy":"category","embeddable":true,"href":"https:\/\/wgphoto.pl\/t\/index.php?rest_route=%2Fwp%2Fv2%2Fcategories&post=18230"},{"taxonomy":"post_tag","embeddable":true,"href":"https:\/\/wgphoto.pl\/t\/index.php?rest_route=%2Fwp%2Fv2%2Ftags&post=18230"}],"curies":[{"name":"wp","href":"https:\/\/api.w.org\/{rel}","templated":true}]}}