{"id":18236,"date":"2025-06-08T14:30:31","date_gmt":"2025-06-08T12:30:31","guid":{"rendered":"https:\/\/wgphoto.pl\/t\/?p=18236"},"modified":"2025-06-08T14:30:31","modified_gmt":"2025-06-08T12:30:31","slug":"olbin-sie-zmienia","status":"publish","type":"post","link":"https:\/\/wgphoto.pl\/t\/?p=18236","title":{"rendered":"O\u0142bin si\u0119 zmienia"},"content":{"rendered":"\n<figure class=\"wp-block-image aligncenter size-full\"><img loading=\"lazy\" decoding=\"async\" width=\"1300\" height=\"813\" src=\"https:\/\/wgphoto.pl\/t\/wp-content\/uploads\/2025\/06\/0532-26.jpg\" alt=\"\" class=\"wp-image-18237\" srcset=\"https:\/\/wgphoto.pl\/t\/wp-content\/uploads\/2025\/06\/0532-26.jpg 1300w, https:\/\/wgphoto.pl\/t\/wp-content\/uploads\/2025\/06\/0532-26-300x188.jpg 300w, https:\/\/wgphoto.pl\/t\/wp-content\/uploads\/2025\/06\/0532-26-768x480.jpg 768w\" sizes=\"auto, (max-width: 1300px) 100vw, 1300px\" \/><\/figure>\n\n\n\n<div class=\"wp-block-group has-global-padding is-layout-constrained wp-block-group-is-layout-constrained\">\n<p>Wroc\u0142aw, zajezdnia O\u0142bin. 105Na 2224+2225 na linii 78, maj\u0105cej tutaj sw\u0105 p\u0119tl\u0119, mija oczekuj\u0105ce zatrudnienia sk\u0142ady 2234+2235 i 2252+2253. Do dzi\u015b przetrwa\u0142 tylko ostatni z nich (cho\u0107 oczywi\u015bcie w wersji plastikowej), a na trawniku z lewej powsta\u0142o kilka dodatkowych tor\u00f3w. 18.11.2005<\/p>\n<\/div>\n","protected":false},"excerpt":{"rendered":"<p>Wroc\u0142aw, zajezdnia O\u0142bin. 105Na 2224+2225 na linii 78, maj\u0105cej tutaj sw\u0105 p\u0119tl\u0119, mija oczekuj\u0105ce zatrudnienia sk\u0142ady 2234+2235 i 2252+2253. Do dzi\u015b przetrwa\u0142 tylko ostatni z nich (cho\u0107 oczywi\u015bcie w wersji plastikowej), a na trawniku z lewej powsta\u0142o kilka dodatkowych tor\u00f3w. 18.11.2005<\/p>\n","protected":false},"author":1,"featured_media":18237,"comment_status":"open","ping_status":"","sticky":false,"template":"","format":"standard","meta":{"footnotes":""},"categories":[62,311,3],"tags":[155,1350,42,27,41,138],"class_list":["post-18236","post","type-post","status-publish","format-standard","has-post-thumbnail","hentry","category-analog","category-rok-2005","category-tramwaj","tag-105na","tag-2005-11-18","tag-mpk-wroclaw","tag-polska","tag-wroclaw","tag-zajezdnia"],"_links":{"self":[{"href":"https:\/\/wgphoto.pl\/t\/index.php?rest_route=\/wp\/v2\/posts\/18236","targetHints":{"allow":["GET"]}}],"collection":[{"href":"https:\/\/wgphoto.pl\/t\/index.php?rest_route=\/wp\/v2\/posts"}],"about":[{"href":"https:\/\/wgphoto.pl\/t\/index.php?rest_route=\/wp\/v2\/types\/post"}],"author":[{"embeddable":true,"href":"https:\/\/wgphoto.pl\/t\/index.php?rest_route=\/wp\/v2\/users\/1"}],"replies":[{"embeddable":true,"href":"https:\/\/wgphoto.pl\/t\/index.php?rest_route=%2Fwp%2Fv2%2Fcomments&post=18236"}],"version-history":[{"count":1,"href":"https:\/\/wgphoto.pl\/t\/index.php?rest_route=\/wp\/v2\/posts\/18236\/revisions"}],"predecessor-version":[{"id":18238,"href":"https:\/\/wgphoto.pl\/t\/index.php?rest_route=\/wp\/v2\/posts\/18236\/revisions\/18238"}],"wp:featuredmedia":[{"embeddable":true,"href":"https:\/\/wgphoto.pl\/t\/index.php?rest_route=\/wp\/v2\/media\/18237"}],"wp:attachment":[{"href":"https:\/\/wgphoto.pl\/t\/index.php?rest_route=%2Fwp%2Fv2%2Fmedia&parent=18236"}],"wp:term":[{"taxonomy":"category","embeddable":true,"href":"https:\/\/wgphoto.pl\/t\/index.php?rest_route=%2Fwp%2Fv2%2Fcategories&post=18236"},{"taxonomy":"post_tag","embeddable":true,"href":"https:\/\/wgphoto.pl\/t\/index.php?rest_route=%2Fwp%2Fv2%2Ftags&post=18236"}],"curies":[{"name":"wp","href":"https:\/\/api.w.org\/{rel}","templated":true}]}}