{"id":18248,"date":"2025-06-08T16:00:22","date_gmt":"2025-06-08T14:00:22","guid":{"rendered":"https:\/\/wgphoto.pl\/t\/?p=18248"},"modified":"2025-06-08T16:00:22","modified_gmt":"2025-06-08T14:00:22","slug":"oczekiwanie-2","status":"publish","type":"post","link":"https:\/\/wgphoto.pl\/t\/?p=18248","title":{"rendered":"Oczekiwanie"},"content":{"rendered":"\n<figure class=\"wp-block-image aligncenter size-full\"><img loading=\"lazy\" decoding=\"async\" width=\"1300\" height=\"862\" src=\"https:\/\/wgphoto.pl\/t\/wp-content\/uploads\/2025\/06\/0529-05.jpg\" alt=\"\" class=\"wp-image-18249\" srcset=\"https:\/\/wgphoto.pl\/t\/wp-content\/uploads\/2025\/06\/0529-05.jpg 1300w, https:\/\/wgphoto.pl\/t\/wp-content\/uploads\/2025\/06\/0529-05-300x199.jpg 300w, https:\/\/wgphoto.pl\/t\/wp-content\/uploads\/2025\/06\/0529-05-768x509.jpg 768w\" sizes=\"auto, (max-width: 1300px) 100vw, 1300px\" \/><\/figure>\n\n\n\n<div class=\"wp-block-group has-global-padding is-layout-constrained wp-block-group-is-layout-constrained\">\n<p>SP32-208 z poci\u0105giem 3333 do Kudowy-Zdroju przed odjazdem z K\u0142odzka G\u0142\u00f3wnego. Kierownik poci\u0105gu nie doczeka si\u0119 zbyt wielu pasa\u017cer\u00f3w. To by\u0142 chyba okres najwi\u0119kszej degrengolady na tej trasie. [08.10.2005]<\/p>\n<\/div>\n","protected":false},"excerpt":{"rendered":"<p>SP32-208 z poci\u0105giem 3333 do Kudowy-Zdroju przed odjazdem z K\u0142odzka G\u0142\u00f3wnego. Kierownik poci\u0105gu nie doczeka si\u0119 zbyt wielu pasa\u017cer\u00f3w. To by\u0142 chyba okres najwi\u0119kszej degrengolady na tej trasie. [08.10.2005]<\/p>\n","protected":false},"author":1,"featured_media":18249,"comment_status":"open","ping_status":"","sticky":false,"template":"","format":"standard","meta":{"footnotes":""},"categories":[62,2,311],"tags":[2337,288,126,2392,24,27,176,385,383],"class_list":["post-18248","post","type-post","status-publish","format-standard","has-post-thumbnail","hentry","category-analog","category-kolej","category-rok-2005","tag-2005-10-08","tag-bipa","tag-jesien","tag-klodzko-glowne","tag-perony","tag-polska","tag-rano","tag-sp32","tag-tab-pl230"],"_links":{"self":[{"href":"https:\/\/wgphoto.pl\/t\/index.php?rest_route=\/wp\/v2\/posts\/18248","targetHints":{"allow":["GET"]}}],"collection":[{"href":"https:\/\/wgphoto.pl\/t\/index.php?rest_route=\/wp\/v2\/posts"}],"about":[{"href":"https:\/\/wgphoto.pl\/t\/index.php?rest_route=\/wp\/v2\/types\/post"}],"author":[{"embeddable":true,"href":"https:\/\/wgphoto.pl\/t\/index.php?rest_route=\/wp\/v2\/users\/1"}],"replies":[{"embeddable":true,"href":"https:\/\/wgphoto.pl\/t\/index.php?rest_route=%2Fwp%2Fv2%2Fcomments&post=18248"}],"version-history":[{"count":1,"href":"https:\/\/wgphoto.pl\/t\/index.php?rest_route=\/wp\/v2\/posts\/18248\/revisions"}],"predecessor-version":[{"id":18250,"href":"https:\/\/wgphoto.pl\/t\/index.php?rest_route=\/wp\/v2\/posts\/18248\/revisions\/18250"}],"wp:featuredmedia":[{"embeddable":true,"href":"https:\/\/wgphoto.pl\/t\/index.php?rest_route=\/wp\/v2\/media\/18249"}],"wp:attachment":[{"href":"https:\/\/wgphoto.pl\/t\/index.php?rest_route=%2Fwp%2Fv2%2Fmedia&parent=18248"}],"wp:term":[{"taxonomy":"category","embeddable":true,"href":"https:\/\/wgphoto.pl\/t\/index.php?rest_route=%2Fwp%2Fv2%2Fcategories&post=18248"},{"taxonomy":"post_tag","embeddable":true,"href":"https:\/\/wgphoto.pl\/t\/index.php?rest_route=%2Fwp%2Fv2%2Ftags&post=18248"}],"curies":[{"name":"wp","href":"https:\/\/api.w.org\/{rel}","templated":true}]}}