{"id":18251,"date":"2025-06-08T16:01:20","date_gmt":"2025-06-08T14:01:20","guid":{"rendered":"https:\/\/wgphoto.pl\/t\/?p=18251"},"modified":"2025-06-08T16:01:20","modified_gmt":"2025-06-08T14:01:20","slug":"tatra-t3m-3-306301","status":"publish","type":"post","link":"https:\/\/wgphoto.pl\/t\/?p=18251","title":{"rendered":"Tatra T3M.3 306+301"},"content":{"rendered":"\n<figure class=\"wp-block-image aligncenter size-full\"><img loading=\"lazy\" decoding=\"async\" width=\"1300\" height=\"861\" src=\"https:\/\/wgphoto.pl\/t\/wp-content\/uploads\/2025\/06\/IMGP0451.jpg\" alt=\"\" class=\"wp-image-18252\" srcset=\"https:\/\/wgphoto.pl\/t\/wp-content\/uploads\/2025\/06\/IMGP0451.jpg 1300w, https:\/\/wgphoto.pl\/t\/wp-content\/uploads\/2025\/06\/IMGP0451-300x199.jpg 300w, https:\/\/wgphoto.pl\/t\/wp-content\/uploads\/2025\/06\/IMGP0451-768x509.jpg 768w\" sizes=\"auto, (max-width: 1300px) 100vw, 1300px\" \/><\/figure>\n\n\n\n<div class=\"wp-block-group has-global-padding is-layout-constrained wp-block-group-is-layout-constrained\">\n<p>Litv\u00ednov, Z\u00e1lu\u017e\u00ed. Sk\u0142ad T3M.3 306+301 mija p\u0119tl\u0119 przy zak\u0142adach Chemopetrol, le\u017c\u0105cych mi\u0119dzy Litv\u00ednovem a Mostem. P\u00f3\u0142 roku p\u00f3\u017aniej rozpocz\u0105\u0142 si\u0119 wielki remont mi\u0119dzymiastowej trasy, dlatego mosteckie tramwaje, zw\u0142aszcza te bardzej klasyczne, przyci\u0105ga\u0142y wielu entuzjast\u00f3w. Jednego z nich wida\u0107 na zdj\u0119ciu. \ud83d\ude09 [21.09.2020]<\/p>\n<\/div>\n","protected":false},"excerpt":{"rendered":"<p>Litv\u00ednov, Z\u00e1lu\u017e\u00ed. Sk\u0142ad T3M.3 306+301 mija p\u0119tl\u0119 przy zak\u0142adach Chemopetrol, le\u017c\u0105cych mi\u0119dzy Litv\u00ednovem a Mostem. P\u00f3\u0142 roku p\u00f3\u017aniej rozpocz\u0105\u0142 si\u0119 wielki remont mi\u0119dzymiastowej trasy, dlatego mosteckie tramwaje, zw\u0142aszcza te bardzej klasyczne, przyci\u0105ga\u0142y wielu entuzjast\u00f3w. Jednego z nich wida\u0107 na zdj\u0119ciu. \ud83d\ude09 [21.09.2020]<\/p>\n","protected":false},"author":1,"featured_media":18252,"comment_status":"open","ping_status":"","sticky":false,"template":"","format":"standard","meta":{"footnotes":""},"categories":[676,3],"tags":[2356,49,2003,1684,303,2453,1011,561],"class_list":["post-18251","post","type-post","status-publish","format-standard","has-post-thumbnail","hentry","category-rok-2020","category-tramwaj","tag-2020-09-21","tag-czechy","tag-czeskie-wakacje-2020","tag-dp-most","tag-industrial","tag-litvinov","tag-tatra-t3","tag-tramwaj-podmiejski"],"_links":{"self":[{"href":"https:\/\/wgphoto.pl\/t\/index.php?rest_route=\/wp\/v2\/posts\/18251","targetHints":{"allow":["GET"]}}],"collection":[{"href":"https:\/\/wgphoto.pl\/t\/index.php?rest_route=\/wp\/v2\/posts"}],"about":[{"href":"https:\/\/wgphoto.pl\/t\/index.php?rest_route=\/wp\/v2\/types\/post"}],"author":[{"embeddable":true,"href":"https:\/\/wgphoto.pl\/t\/index.php?rest_route=\/wp\/v2\/users\/1"}],"replies":[{"embeddable":true,"href":"https:\/\/wgphoto.pl\/t\/index.php?rest_route=%2Fwp%2Fv2%2Fcomments&post=18251"}],"version-history":[{"count":1,"href":"https:\/\/wgphoto.pl\/t\/index.php?rest_route=\/wp\/v2\/posts\/18251\/revisions"}],"predecessor-version":[{"id":18253,"href":"https:\/\/wgphoto.pl\/t\/index.php?rest_route=\/wp\/v2\/posts\/18251\/revisions\/18253"}],"wp:featuredmedia":[{"embeddable":true,"href":"https:\/\/wgphoto.pl\/t\/index.php?rest_route=\/wp\/v2\/media\/18252"}],"wp:attachment":[{"href":"https:\/\/wgphoto.pl\/t\/index.php?rest_route=%2Fwp%2Fv2%2Fmedia&parent=18251"}],"wp:term":[{"taxonomy":"category","embeddable":true,"href":"https:\/\/wgphoto.pl\/t\/index.php?rest_route=%2Fwp%2Fv2%2Fcategories&post=18251"},{"taxonomy":"post_tag","embeddable":true,"href":"https:\/\/wgphoto.pl\/t\/index.php?rest_route=%2Fwp%2Fv2%2Ftags&post=18251"}],"curies":[{"name":"wp","href":"https:\/\/api.w.org\/{rel}","templated":true}]}}