{"id":18254,"date":"2025-06-08T16:02:12","date_gmt":"2025-06-08T14:02:12","guid":{"rendered":"https:\/\/wgphoto.pl\/t\/?p=18254"},"modified":"2025-06-08T16:02:12","modified_gmt":"2025-06-08T14:02:12","slug":"lata-dwutysieczne","status":"publish","type":"post","link":"https:\/\/wgphoto.pl\/t\/?p=18254","title":{"rendered":"Lata dwutysi\u0119czne"},"content":{"rendered":"\n<figure class=\"wp-block-image aligncenter size-full\"><img loading=\"lazy\" decoding=\"async\" width=\"1300\" height=\"841\" src=\"https:\/\/wgphoto.pl\/t\/wp-content\/uploads\/2025\/06\/0519-35.jpg\" alt=\"\" class=\"wp-image-18255\" srcset=\"https:\/\/wgphoto.pl\/t\/wp-content\/uploads\/2025\/06\/0519-35.jpg 1300w, https:\/\/wgphoto.pl\/t\/wp-content\/uploads\/2025\/06\/0519-35-300x194.jpg 300w, https:\/\/wgphoto.pl\/t\/wp-content\/uploads\/2025\/06\/0519-35-768x497.jpg 768w\" sizes=\"auto, (max-width: 1300px) 100vw, 1300px\" \/><\/figure>\n\n\n\n<div class=\"wp-block-group has-global-padding is-layout-constrained wp-block-group-is-layout-constrained\">\n<p>Elbl\u0105g, ul. Browarna. GT6 238 (ex-Mainz) czy s\u0142u\u017cbowego \u017buka ju\u017c na ulicach nie spotkamy, tylko reklamy supermarket\u00f3w wci\u0105\u017c wygl\u0105daj\u0105 tak samo. [28.07.2005]<\/p>\n<\/div>\n","protected":false},"excerpt":{"rendered":"<p>Elbl\u0105g, ul. Browarna. GT6 238 (ex-Mainz) czy s\u0142u\u017cbowego \u017buka ju\u017c na ulicach nie spotkamy, tylko reklamy supermarket\u00f3w wci\u0105\u017c wygl\u0105daj\u0105 tak samo. [28.07.2005]<\/p>\n","protected":false},"author":1,"featured_media":18255,"comment_status":"open","ping_status":"","sticky":false,"template":"","format":"standard","meta":{"footnotes":""},"categories":[62,311,3],"tags":[1205,418,2078,101,27,2079],"class_list":["post-18254","post","type-post","status-publish","format-standard","has-post-thumbnail","hentry","category-analog","category-rok-2005","category-tramwaj","tag-2005-07-28","tag-auto","tag-elblag","tag-gt6","tag-polska","tag-tramwaje-elblaskie"],"_links":{"self":[{"href":"https:\/\/wgphoto.pl\/t\/index.php?rest_route=\/wp\/v2\/posts\/18254","targetHints":{"allow":["GET"]}}],"collection":[{"href":"https:\/\/wgphoto.pl\/t\/index.php?rest_route=\/wp\/v2\/posts"}],"about":[{"href":"https:\/\/wgphoto.pl\/t\/index.php?rest_route=\/wp\/v2\/types\/post"}],"author":[{"embeddable":true,"href":"https:\/\/wgphoto.pl\/t\/index.php?rest_route=\/wp\/v2\/users\/1"}],"replies":[{"embeddable":true,"href":"https:\/\/wgphoto.pl\/t\/index.php?rest_route=%2Fwp%2Fv2%2Fcomments&post=18254"}],"version-history":[{"count":1,"href":"https:\/\/wgphoto.pl\/t\/index.php?rest_route=\/wp\/v2\/posts\/18254\/revisions"}],"predecessor-version":[{"id":18256,"href":"https:\/\/wgphoto.pl\/t\/index.php?rest_route=\/wp\/v2\/posts\/18254\/revisions\/18256"}],"wp:featuredmedia":[{"embeddable":true,"href":"https:\/\/wgphoto.pl\/t\/index.php?rest_route=\/wp\/v2\/media\/18255"}],"wp:attachment":[{"href":"https:\/\/wgphoto.pl\/t\/index.php?rest_route=%2Fwp%2Fv2%2Fmedia&parent=18254"}],"wp:term":[{"taxonomy":"category","embeddable":true,"href":"https:\/\/wgphoto.pl\/t\/index.php?rest_route=%2Fwp%2Fv2%2Fcategories&post=18254"},{"taxonomy":"post_tag","embeddable":true,"href":"https:\/\/wgphoto.pl\/t\/index.php?rest_route=%2Fwp%2Fv2%2Ftags&post=18254"}],"curies":[{"name":"wp","href":"https:\/\/api.w.org\/{rel}","templated":true}]}}