{"id":18281,"date":"2025-06-08T16:10:06","date_gmt":"2025-06-08T14:10:06","guid":{"rendered":"https:\/\/wgphoto.pl\/t\/?p=18281"},"modified":"2025-06-08T16:10:06","modified_gmt":"2025-06-08T14:10:06","slug":"wieczorne-tornado","status":"publish","type":"post","link":"https:\/\/wgphoto.pl\/t\/?p=18281","title":{"rendered":"Wieczorne torn\u00e1do"},"content":{"rendered":"\n<figure class=\"wp-block-image aligncenter size-full\"><img loading=\"lazy\" decoding=\"async\" width=\"1300\" height=\"861\" src=\"https:\/\/wgphoto.pl\/t\/wp-content\/uploads\/2025\/06\/IMGP7793.jpg\" alt=\"\" class=\"wp-image-18282\" srcset=\"https:\/\/wgphoto.pl\/t\/wp-content\/uploads\/2025\/06\/IMGP7793.jpg 1300w, https:\/\/wgphoto.pl\/t\/wp-content\/uploads\/2025\/06\/IMGP7793-300x199.jpg 300w, https:\/\/wgphoto.pl\/t\/wp-content\/uploads\/2025\/06\/IMGP7793-768x509.jpg 768w\" sizes=\"auto, (max-width: 1300px) 100vw, 1300px\" \/><\/figure>\n\n\n\n<div class=\"wp-block-group has-global-padding is-layout-constrained wp-block-group-is-layout-constrained\">\n<p>Retro pantograf lub te\u017c torn\u00e1do 460.080+079 w peronach dworca g\u0142\u00f3wnego w O\u0142omu\u0144cu. [18.05.2022]<\/p>\n<\/div>\n","protected":false},"excerpt":{"rendered":"<p>Retro pantograf lub te\u017c torn\u00e1do 460.080+079 w peronach dworca g\u0142\u00f3wnego w O\u0142omu\u0144cu. [18.05.2022]<\/p>\n","protected":false},"author":1,"featured_media":18282,"comment_status":"open","ping_status":"","sticky":false,"template":"","format":"standard","meta":{"footnotes":""},"categories":[2,669],"tags":[2168,1398,50,49,2169,2443,1012,24,139,90],"class_list":["post-18281","post","type-post","status-publish","format-standard","has-post-thumbnail","hentry","category-kolej","category-rok-2022","tag-2022-05-18","tag-1398","tag-cd","tag-czechy","tag-druga-majowka-2022","tag-olomouc-hlavni-nadrazi","tag-olomuniec","tag-perony","tag-retro","tag-wieczorem"],"_links":{"self":[{"href":"https:\/\/wgphoto.pl\/t\/index.php?rest_route=\/wp\/v2\/posts\/18281","targetHints":{"allow":["GET"]}}],"collection":[{"href":"https:\/\/wgphoto.pl\/t\/index.php?rest_route=\/wp\/v2\/posts"}],"about":[{"href":"https:\/\/wgphoto.pl\/t\/index.php?rest_route=\/wp\/v2\/types\/post"}],"author":[{"embeddable":true,"href":"https:\/\/wgphoto.pl\/t\/index.php?rest_route=\/wp\/v2\/users\/1"}],"replies":[{"embeddable":true,"href":"https:\/\/wgphoto.pl\/t\/index.php?rest_route=%2Fwp%2Fv2%2Fcomments&post=18281"}],"version-history":[{"count":1,"href":"https:\/\/wgphoto.pl\/t\/index.php?rest_route=\/wp\/v2\/posts\/18281\/revisions"}],"predecessor-version":[{"id":18283,"href":"https:\/\/wgphoto.pl\/t\/index.php?rest_route=\/wp\/v2\/posts\/18281\/revisions\/18283"}],"wp:featuredmedia":[{"embeddable":true,"href":"https:\/\/wgphoto.pl\/t\/index.php?rest_route=\/wp\/v2\/media\/18282"}],"wp:attachment":[{"href":"https:\/\/wgphoto.pl\/t\/index.php?rest_route=%2Fwp%2Fv2%2Fmedia&parent=18281"}],"wp:term":[{"taxonomy":"category","embeddable":true,"href":"https:\/\/wgphoto.pl\/t\/index.php?rest_route=%2Fwp%2Fv2%2Fcategories&post=18281"},{"taxonomy":"post_tag","embeddable":true,"href":"https:\/\/wgphoto.pl\/t\/index.php?rest_route=%2Fwp%2Fv2%2Ftags&post=18281"}],"curies":[{"name":"wp","href":"https:\/\/api.w.org\/{rel}","templated":true}]}}