{"id":18284,"date":"2025-06-08T16:10:57","date_gmt":"2025-06-08T14:10:57","guid":{"rendered":"https:\/\/wgphoto.pl\/t\/?p=18284"},"modified":"2025-06-08T16:10:57","modified_gmt":"2025-06-08T14:10:57","slug":"wieczorne-tornado-2","status":"publish","type":"post","link":"https:\/\/wgphoto.pl\/t\/?p=18284","title":{"rendered":"Wieczorne torn\u00e1do (2)"},"content":{"rendered":"\n<figure class=\"wp-block-image aligncenter size-full\"><img loading=\"lazy\" decoding=\"async\" width=\"1300\" height=\"861\" src=\"https:\/\/wgphoto.pl\/t\/wp-content\/uploads\/2025\/06\/IMGP7800-1.jpg\" alt=\"\" class=\"wp-image-18285\" srcset=\"https:\/\/wgphoto.pl\/t\/wp-content\/uploads\/2025\/06\/IMGP7800-1.jpg 1300w, https:\/\/wgphoto.pl\/t\/wp-content\/uploads\/2025\/06\/IMGP7800-1-300x199.jpg 300w, https:\/\/wgphoto.pl\/t\/wp-content\/uploads\/2025\/06\/IMGP7800-1-768x509.jpg 768w\" sizes=\"auto, (max-width: 1300px) 100vw, 1300px\" \/><\/figure>\n\n\n\n<div class=\"wp-block-group has-global-padding is-layout-constrained wp-block-group-is-layout-constrained\">\n<p>Retro pantograf lub te\u017c torn\u00e1do w peronach dworca g\u0142\u00f3wnego w O\u0142omu\u0144cu, tym razem od strony wagonu nap\u0119dowego 460.079-7. [18.05.2022]<\/p>\n<\/div>\n","protected":false},"excerpt":{"rendered":"<p>Retro pantograf lub te\u017c torn\u00e1do w peronach dworca g\u0142\u00f3wnego w O\u0142omu\u0144cu, tym razem od strony wagonu nap\u0119dowego 460.079-7. [18.05.2022]<\/p>\n","protected":false},"author":1,"featured_media":18285,"comment_status":"open","ping_status":"","sticky":false,"template":"","format":"standard","meta":{"footnotes":""},"categories":[2,669],"tags":[2168,1398,50,49,2169,173,2443,1012,24,139,90],"class_list":["post-18284","post","type-post","status-publish","format-standard","has-post-thumbnail","hentry","category-kolej","category-rok-2022","tag-2022-05-18","tag-1398","tag-cd","tag-czechy","tag-druga-majowka-2022","tag-koncowki","tag-olomouc-hlavni-nadrazi","tag-olomuniec","tag-perony","tag-retro","tag-wieczorem"],"_links":{"self":[{"href":"https:\/\/wgphoto.pl\/t\/index.php?rest_route=\/wp\/v2\/posts\/18284","targetHints":{"allow":["GET"]}}],"collection":[{"href":"https:\/\/wgphoto.pl\/t\/index.php?rest_route=\/wp\/v2\/posts"}],"about":[{"href":"https:\/\/wgphoto.pl\/t\/index.php?rest_route=\/wp\/v2\/types\/post"}],"author":[{"embeddable":true,"href":"https:\/\/wgphoto.pl\/t\/index.php?rest_route=\/wp\/v2\/users\/1"}],"replies":[{"embeddable":true,"href":"https:\/\/wgphoto.pl\/t\/index.php?rest_route=%2Fwp%2Fv2%2Fcomments&post=18284"}],"version-history":[{"count":1,"href":"https:\/\/wgphoto.pl\/t\/index.php?rest_route=\/wp\/v2\/posts\/18284\/revisions"}],"predecessor-version":[{"id":18286,"href":"https:\/\/wgphoto.pl\/t\/index.php?rest_route=\/wp\/v2\/posts\/18284\/revisions\/18286"}],"wp:featuredmedia":[{"embeddable":true,"href":"https:\/\/wgphoto.pl\/t\/index.php?rest_route=\/wp\/v2\/media\/18285"}],"wp:attachment":[{"href":"https:\/\/wgphoto.pl\/t\/index.php?rest_route=%2Fwp%2Fv2%2Fmedia&parent=18284"}],"wp:term":[{"taxonomy":"category","embeddable":true,"href":"https:\/\/wgphoto.pl\/t\/index.php?rest_route=%2Fwp%2Fv2%2Fcategories&post=18284"},{"taxonomy":"post_tag","embeddable":true,"href":"https:\/\/wgphoto.pl\/t\/index.php?rest_route=%2Fwp%2Fv2%2Ftags&post=18284"}],"curies":[{"name":"wp","href":"https:\/\/api.w.org\/{rel}","templated":true}]}}