{"id":18302,"date":"2025-06-08T16:21:09","date_gmt":"2025-06-08T14:21:09","guid":{"rendered":"https:\/\/wgphoto.pl\/t\/?p=18302"},"modified":"2025-06-08T16:21:09","modified_gmt":"2025-06-08T14:21:09","slug":"tarcza-do-vranego","status":"publish","type":"post","link":"https:\/\/wgphoto.pl\/t\/?p=18302","title":{"rendered":"Tarcza do Vranego"},"content":{"rendered":"\n<figure class=\"wp-block-image aligncenter size-full\"><img loading=\"lazy\" decoding=\"async\" width=\"1300\" height=\"870\" src=\"https:\/\/wgphoto.pl\/t\/wp-content\/uploads\/2025\/06\/IMGP4305.jpg\" alt=\"\" class=\"wp-image-18303\" srcset=\"https:\/\/wgphoto.pl\/t\/wp-content\/uploads\/2025\/06\/IMGP4305.jpg 1300w, https:\/\/wgphoto.pl\/t\/wp-content\/uploads\/2025\/06\/IMGP4305-300x201.jpg 300w, https:\/\/wgphoto.pl\/t\/wp-content\/uploads\/2025\/06\/IMGP4305-768x514.jpg 768w\" sizes=\"auto, (max-width: 1300px) 100vw, 1300px\" \/><\/figure>\n\n\n\n<div class=\"wp-block-group has-global-padding is-layout-constrained wp-block-group-is-layout-constrained\">\n<p>810.667-6 z doczep\u0105 jako poci\u0105g osobowy 9056 relacji \u010cer\u010dany &#8211; Praha hl.n. opu\u015bci\u0142 stacj\u0119 Vran\u00e9 nad Vltavou. [28.09.2011]<\/p>\n<\/div>\n","protected":false},"excerpt":{"rendered":"<p>810.667-6 z doczep\u0105 jako poci\u0105g osobowy 9056 relacji \u010cer\u010dany &#8211; Praha hl.n. opu\u015bci\u0142 stacj\u0119 Vran\u00e9 nad Vltavou. [28.09.2011]<\/p>\n","protected":false},"author":1,"featured_media":18303,"comment_status":"open","ping_status":"","sticky":false,"template":"","format":"standard","meta":{"footnotes":""},"categories":[2,77],"tags":[2219,92,50,49,821,176,53,2218,2217],"class_list":["post-18302","post","type-post","status-publish","format-standard","has-post-thumbnail","hentry","category-kolej","category-rok-2011","tag-2011-09-28","tag-92","tag-cd","tag-czechy","tag-mgla","tag-rano","tag-sygnalizacja-ksztaltowa","tag-tab-cz210","tag-vrane-nad-vltavou"],"_links":{"self":[{"href":"https:\/\/wgphoto.pl\/t\/index.php?rest_route=\/wp\/v2\/posts\/18302","targetHints":{"allow":["GET"]}}],"collection":[{"href":"https:\/\/wgphoto.pl\/t\/index.php?rest_route=\/wp\/v2\/posts"}],"about":[{"href":"https:\/\/wgphoto.pl\/t\/index.php?rest_route=\/wp\/v2\/types\/post"}],"author":[{"embeddable":true,"href":"https:\/\/wgphoto.pl\/t\/index.php?rest_route=\/wp\/v2\/users\/1"}],"replies":[{"embeddable":true,"href":"https:\/\/wgphoto.pl\/t\/index.php?rest_route=%2Fwp%2Fv2%2Fcomments&post=18302"}],"version-history":[{"count":1,"href":"https:\/\/wgphoto.pl\/t\/index.php?rest_route=\/wp\/v2\/posts\/18302\/revisions"}],"predecessor-version":[{"id":18304,"href":"https:\/\/wgphoto.pl\/t\/index.php?rest_route=\/wp\/v2\/posts\/18302\/revisions\/18304"}],"wp:featuredmedia":[{"embeddable":true,"href":"https:\/\/wgphoto.pl\/t\/index.php?rest_route=\/wp\/v2\/media\/18303"}],"wp:attachment":[{"href":"https:\/\/wgphoto.pl\/t\/index.php?rest_route=%2Fwp%2Fv2%2Fmedia&parent=18302"}],"wp:term":[{"taxonomy":"category","embeddable":true,"href":"https:\/\/wgphoto.pl\/t\/index.php?rest_route=%2Fwp%2Fv2%2Fcategories&post=18302"},{"taxonomy":"post_tag","embeddable":true,"href":"https:\/\/wgphoto.pl\/t\/index.php?rest_route=%2Fwp%2Fv2%2Ftags&post=18302"}],"curies":[{"name":"wp","href":"https:\/\/api.w.org\/{rel}","templated":true}]}}