{"id":18305,"date":"2025-06-08T16:22:01","date_gmt":"2025-06-08T14:22:01","guid":{"rendered":"https:\/\/wgphoto.pl\/t\/?p=18305"},"modified":"2025-06-08T16:22:01","modified_gmt":"2025-06-08T14:22:01","slug":"kraj-poludniowoczeski-wita","status":"publish","type":"post","link":"https:\/\/wgphoto.pl\/t\/?p=18305","title":{"rendered":"Kraj Po\u0142udniowoczeski wita"},"content":{"rendered":"\n<figure class=\"wp-block-image aligncenter size-full\"><img loading=\"lazy\" decoding=\"async\" width=\"1300\" height=\"731\" src=\"https:\/\/wgphoto.pl\/t\/wp-content\/uploads\/2025\/06\/IMGP4021-Pano.jpg\" alt=\"\" class=\"wp-image-18306\" srcset=\"https:\/\/wgphoto.pl\/t\/wp-content\/uploads\/2025\/06\/IMGP4021-Pano.jpg 1300w, https:\/\/wgphoto.pl\/t\/wp-content\/uploads\/2025\/06\/IMGP4021-Pano-300x169.jpg 300w, https:\/\/wgphoto.pl\/t\/wp-content\/uploads\/2025\/06\/IMGP4021-Pano-768x432.jpg 768w\" sizes=\"auto, (max-width: 1300px) 100vw, 1300px\" \/><\/figure>\n\n\n\n<div class=\"wp-block-group has-global-padding is-layout-constrained wp-block-group-is-layout-constrained\">\n<p>810.573-6 jako poci\u0105g osobowy do Vod\u0148an oczekuje pory odjazdu na stacyjce T\u00fdn nad Vltavou. Kraj Po\u0142udniowoczeski nie zawi\u00f3d\u0142 mnie i tym razem. Po dotarciu do T\u00fdnu autobusem z pobliskiego &#8222;ko\u0144ca \u015bwiata&#8221; w Bechyn\u011b okaza\u0142o si\u0119, \u017ce pory odjazd\u00f3w poci\u0105g\u00f3w zosta\u0142y odwr\u00f3cone do g\u00f3ry nogami w czasie obowi\u0105zywania rozk\u0142adu jazdy. Za\u017calenia na nie sprawdzenie zawczasu aktualno\u015bci ksi\u0105\u017ckowego rozk\u0142adu bez poprawek mog\u0119 oczywi\u015bcie kierowa\u0107 tylko do siebie, ale chc\u0119 zwr\u00f3ci\u0107 uwag\u0119 raczej na podej\u015bcie do pasa\u017cera, kt\u00f3ry chcia\u0142by regularnie korzysta\u0107 z kolei w T\u00fdnie. By\u0142a to bowiem chyba ju\u017c druga korekta w tym roku. Pierwsz\u0105 wprowadzono 27 lutego, po zawieszeniu kursowania wszystkich poci\u0105g\u00f3w do niedalekich Netolic (&#8222;ko\u0144ca \u015bwiata&#8221;, kt\u00f3rego niestety nie zd\u0105\u017cy\u0142em zaliczy\u0107), zmieniaj\u0105c w\u00f3wczas rozk\u0142ad jazdy sze\u015bciu z o\u015bmiu poci\u0105g\u00f3w docieraj\u0105cych do T\u00fdnu. Zmiany z obu korekt powodowa\u0142y przesuni\u0119cia odjazd\u00f3w o blisko godzin\u0119 przy poci\u0105gach kursuj\u0105cych \u015brednio co dwie godziny. Widocznie komu\u015b co chwil\u0119 zmienia\u0142a si\u0119 koncepcja, czy lepiej dowozi\u0107 tymi motorakami do poci\u0105g\u00f3w osobowych czy mo\u017ce jednak pospiesznych na g\u0142\u00f3wnej linii Czeskie Budziejowice &#8211; Pilzno. Pewno\u015b\u0107 po\u0142\u0105cze\u0144 wzorowa. [26.09.2011]<\/p>\n<\/div>\n","protected":false},"excerpt":{"rendered":"<p>810.573-6 jako poci\u0105g osobowy do Vod\u0148an oczekuje pory odjazdu na stacyjce T\u00fdn nad Vltavou. Kraj Po\u0142udniowoczeski nie zawi\u00f3d\u0142 mnie i tym razem. Po dotarciu do T\u00fdnu autobusem z pobliskiego &#8222;ko\u0144ca \u015bwiata&#8221; w Bechyn\u011b okaza\u0142o si\u0119, \u017ce pory odjazd\u00f3w poci\u0105g\u00f3w zosta\u0142y odwr\u00f3cone do g\u00f3ry nogami w czasie obowi\u0105zywania rozk\u0142adu jazdy. Za\u017calenia na nie sprawdzenie zawczasu aktualno\u015bci [&hellip;]<\/p>\n","protected":false},"author":1,"featured_media":18306,"comment_status":"open","ping_status":"","sticky":false,"template":"","format":"standard","meta":{"footnotes":""},"categories":[2,77],"tags":[1471,92,50,49,821,94,176,3240,3239],"class_list":["post-18305","post","type-post","status-publish","format-standard","has-post-thumbnail","hentry","category-kolej","category-rok-2011","tag-2011-09-26","tag-92","tag-cd","tag-czechy","tag-mgla","tag-na-kolejowym-koncu-swiata","tag-rano","tag-tab-cz192","tag-tyn-nad-vltavou"],"_links":{"self":[{"href":"https:\/\/wgphoto.pl\/t\/index.php?rest_route=\/wp\/v2\/posts\/18305","targetHints":{"allow":["GET"]}}],"collection":[{"href":"https:\/\/wgphoto.pl\/t\/index.php?rest_route=\/wp\/v2\/posts"}],"about":[{"href":"https:\/\/wgphoto.pl\/t\/index.php?rest_route=\/wp\/v2\/types\/post"}],"author":[{"embeddable":true,"href":"https:\/\/wgphoto.pl\/t\/index.php?rest_route=\/wp\/v2\/users\/1"}],"replies":[{"embeddable":true,"href":"https:\/\/wgphoto.pl\/t\/index.php?rest_route=%2Fwp%2Fv2%2Fcomments&post=18305"}],"version-history":[{"count":1,"href":"https:\/\/wgphoto.pl\/t\/index.php?rest_route=\/wp\/v2\/posts\/18305\/revisions"}],"predecessor-version":[{"id":18307,"href":"https:\/\/wgphoto.pl\/t\/index.php?rest_route=\/wp\/v2\/posts\/18305\/revisions\/18307"}],"wp:featuredmedia":[{"embeddable":true,"href":"https:\/\/wgphoto.pl\/t\/index.php?rest_route=\/wp\/v2\/media\/18306"}],"wp:attachment":[{"href":"https:\/\/wgphoto.pl\/t\/index.php?rest_route=%2Fwp%2Fv2%2Fmedia&parent=18305"}],"wp:term":[{"taxonomy":"category","embeddable":true,"href":"https:\/\/wgphoto.pl\/t\/index.php?rest_route=%2Fwp%2Fv2%2Fcategories&post=18305"},{"taxonomy":"post_tag","embeddable":true,"href":"https:\/\/wgphoto.pl\/t\/index.php?rest_route=%2Fwp%2Fv2%2Ftags&post=18305"}],"curies":[{"name":"wp","href":"https:\/\/api.w.org\/{rel}","templated":true}]}}