{"id":18325,"date":"2025-06-08T18:37:29","date_gmt":"2025-06-08T16:37:29","guid":{"rendered":"https:\/\/wgphoto.pl\/t\/?p=18325"},"modified":"2026-02-22T23:12:02","modified_gmt":"2026-02-22T22:12:02","slug":"aspern-nord","status":"publish","type":"post","link":"https:\/\/wgphoto.pl\/t\/?p=18325","title":{"rendered":"Aspern Nord"},"content":{"rendered":"\n<figure class=\"wp-block-image aligncenter size-full\"><img loading=\"lazy\" decoding=\"async\" width=\"1300\" height=\"812\" src=\"https:\/\/wgphoto.pl\/t\/wp-content\/uploads\/2025\/06\/IMGP1485.jpg\" alt=\"\" class=\"wp-image-18326\" srcset=\"https:\/\/wgphoto.pl\/t\/wp-content\/uploads\/2025\/06\/IMGP1485.jpg 1300w, https:\/\/wgphoto.pl\/t\/wp-content\/uploads\/2025\/06\/IMGP1485-300x187.jpg 300w, https:\/\/wgphoto.pl\/t\/wp-content\/uploads\/2025\/06\/IMGP1485-768x480.jpg 768w\" sizes=\"auto, (max-width: 1300px) 100vw, 1300px\" \/><\/figure>\n\n\n\n<div class=\"wp-block-group has-global-padding is-layout-constrained wp-block-group-is-layout-constrained\">\n<p>Wieczorne U2 wpada na stacj\u0119 Aspern Nord na najnowszym odcinku wiede\u0144skiej linii U2, otwartym 2 miesi\u0105ce przed wykonaniem zdj\u0119cia. Ta stacja wbrew pozorom jest nadziemna, jednak panuj\u0105ca noc dobrze to ukrywa. Mapa Wiednia na ko\u0144cu peronu jest wyj\u0105tkowo wyrazistym akcentem jak na stacje tutejszego metra. [25.12.2013]<\/p>\n<\/div>\n","protected":false},"excerpt":{"rendered":"<p>Wieczorne U2 wpada na stacj\u0119 Aspern Nord na najnowszym odcinku wiede\u0144skiej linii U2, otwartym 2 miesi\u0105ce przed wykonaniem zdj\u0119cia. Ta stacja wbrew pozorom jest nadziemna, jednak panuj\u0105ca noc dobrze to ukrywa. Mapa Wiednia na ko\u0144cu peronu jest wyj\u0105tkowo wyrazistym akcentem jak na stacje tutejszego metra. [25.12.2013]<\/p>\n","protected":false},"author":1,"featured_media":18326,"comment_status":"open","ping_status":"","sticky":false,"template":"","format":"standard","meta":{"footnotes":""},"categories":[4,55],"tags":[2862,9,154,276,99,4679,97,98],"class_list":["post-18325","post","type-post","status-publish","format-standard","has-post-thumbnail","hentry","category-metro","category-rok-2013","tag-2013-12-25","tag-austria","tag-noc","tag-stacje-wiedenskiego-metra","tag-u-bahn-wien","tag-v","tag-wieden","tag-wiener-linien"],"_links":{"self":[{"href":"https:\/\/wgphoto.pl\/t\/index.php?rest_route=\/wp\/v2\/posts\/18325","targetHints":{"allow":["GET"]}}],"collection":[{"href":"https:\/\/wgphoto.pl\/t\/index.php?rest_route=\/wp\/v2\/posts"}],"about":[{"href":"https:\/\/wgphoto.pl\/t\/index.php?rest_route=\/wp\/v2\/types\/post"}],"author":[{"embeddable":true,"href":"https:\/\/wgphoto.pl\/t\/index.php?rest_route=\/wp\/v2\/users\/1"}],"replies":[{"embeddable":true,"href":"https:\/\/wgphoto.pl\/t\/index.php?rest_route=%2Fwp%2Fv2%2Fcomments&post=18325"}],"version-history":[{"count":1,"href":"https:\/\/wgphoto.pl\/t\/index.php?rest_route=\/wp\/v2\/posts\/18325\/revisions"}],"predecessor-version":[{"id":18327,"href":"https:\/\/wgphoto.pl\/t\/index.php?rest_route=\/wp\/v2\/posts\/18325\/revisions\/18327"}],"wp:featuredmedia":[{"embeddable":true,"href":"https:\/\/wgphoto.pl\/t\/index.php?rest_route=\/wp\/v2\/media\/18326"}],"wp:attachment":[{"href":"https:\/\/wgphoto.pl\/t\/index.php?rest_route=%2Fwp%2Fv2%2Fmedia&parent=18325"}],"wp:term":[{"taxonomy":"category","embeddable":true,"href":"https:\/\/wgphoto.pl\/t\/index.php?rest_route=%2Fwp%2Fv2%2Fcategories&post=18325"},{"taxonomy":"post_tag","embeddable":true,"href":"https:\/\/wgphoto.pl\/t\/index.php?rest_route=%2Fwp%2Fv2%2Ftags&post=18325"}],"curies":[{"name":"wp","href":"https:\/\/api.w.org\/{rel}","templated":true}]}}