{"id":18328,"date":"2025-06-08T18:38:42","date_gmt":"2025-06-08T16:38:42","guid":{"rendered":"https:\/\/wgphoto.pl\/t\/?p=18328"},"modified":"2025-06-08T18:38:42","modified_gmt":"2025-06-08T16:38:42","slug":"sokolka","status":"publish","type":"post","link":"https:\/\/wgphoto.pl\/t\/?p=18328","title":{"rendered":"Sok\u00f3\u0142ka"},"content":{"rendered":"\n<figure class=\"wp-block-image aligncenter size-full\"><img loading=\"lazy\" decoding=\"async\" width=\"800\" height=\"1000\" src=\"https:\/\/wgphoto.pl\/t\/wp-content\/uploads\/2025\/06\/0319-26.jpg\" alt=\"\" class=\"wp-image-18329\" srcset=\"https:\/\/wgphoto.pl\/t\/wp-content\/uploads\/2025\/06\/0319-26.jpg 800w, https:\/\/wgphoto.pl\/t\/wp-content\/uploads\/2025\/06\/0319-26-240x300.jpg 240w, https:\/\/wgphoto.pl\/t\/wp-content\/uploads\/2025\/06\/0319-26-768x960.jpg 768w\" sizes=\"auto, (max-width: 800px) 100vw, 800px\" \/><\/figure>\n\n\n\n<div class=\"wp-block-group has-global-padding is-layout-constrained wp-block-group-is-layout-constrained\">\n<p>EU07-307 z CM Bia\u0142ystok odpi\u0119\u0142a si\u0119 w Sok\u00f3\u0142ce od poci\u0105gu, najprawdopodobniej pospiesznego z Warszawy do Suwa\u0142k. Na dalszym odcinku zast\u0105pi j\u0105 suwalski Fiat. Wtedy mia\u0142em faz\u0119 na kadry z nazw\u0105 stacji, z tego wyjazdu mam ich co najmniej ze trzy, ale ten nawet po latach prezentuje si\u0119 ca\u0142kiem sensownie. [09.07.2003]<\/p>\n<\/div>\n","protected":false},"excerpt":{"rendered":"<p>EU07-307 z CM Bia\u0142ystok odpi\u0119\u0142a si\u0119 w Sok\u00f3\u0142ce od poci\u0105gu, najprawdopodobniej pospiesznego z Warszawy do Suwa\u0142k. Na dalszym odcinku zast\u0105pi j\u0105 suwalski Fiat. Wtedy mia\u0142em faz\u0119 na kadry z nazw\u0105 stacji, z tego wyjazdu mam ich co najmniej ze trzy, ale ten nawet po latach prezentuje si\u0119 ca\u0142kiem sensownie. [09.07.2003]<\/p>\n","protected":false},"author":1,"featured_media":18329,"comment_status":"open","ping_status":"","sticky":false,"template":"","format":"standard","meta":{"footnotes":""},"categories":[2,128,149],"tags":[901,122,1775,63,27,905,3824,53,643],"class_list":["post-18328","post","type-post","status-publish","format-standard","has-post-thumbnail","hentry","category-kolej","category-pionowe","category-rok-2003","tag-2003-07-09","tag-eu07","tag-na-wysiadanego","tag-pkp","tag-polska","tag-przez","tag-sokolka","tag-sygnalizacja-ksztaltowa","tag-tab-pl530"],"_links":{"self":[{"href":"https:\/\/wgphoto.pl\/t\/index.php?rest_route=\/wp\/v2\/posts\/18328","targetHints":{"allow":["GET"]}}],"collection":[{"href":"https:\/\/wgphoto.pl\/t\/index.php?rest_route=\/wp\/v2\/posts"}],"about":[{"href":"https:\/\/wgphoto.pl\/t\/index.php?rest_route=\/wp\/v2\/types\/post"}],"author":[{"embeddable":true,"href":"https:\/\/wgphoto.pl\/t\/index.php?rest_route=\/wp\/v2\/users\/1"}],"replies":[{"embeddable":true,"href":"https:\/\/wgphoto.pl\/t\/index.php?rest_route=%2Fwp%2Fv2%2Fcomments&post=18328"}],"version-history":[{"count":1,"href":"https:\/\/wgphoto.pl\/t\/index.php?rest_route=\/wp\/v2\/posts\/18328\/revisions"}],"predecessor-version":[{"id":18330,"href":"https:\/\/wgphoto.pl\/t\/index.php?rest_route=\/wp\/v2\/posts\/18328\/revisions\/18330"}],"wp:featuredmedia":[{"embeddable":true,"href":"https:\/\/wgphoto.pl\/t\/index.php?rest_route=\/wp\/v2\/media\/18329"}],"wp:attachment":[{"href":"https:\/\/wgphoto.pl\/t\/index.php?rest_route=%2Fwp%2Fv2%2Fmedia&parent=18328"}],"wp:term":[{"taxonomy":"category","embeddable":true,"href":"https:\/\/wgphoto.pl\/t\/index.php?rest_route=%2Fwp%2Fv2%2Fcategories&post=18328"},{"taxonomy":"post_tag","embeddable":true,"href":"https:\/\/wgphoto.pl\/t\/index.php?rest_route=%2Fwp%2Fv2%2Ftags&post=18328"}],"curies":[{"name":"wp","href":"https:\/\/api.w.org\/{rel}","templated":true}]}}