{"id":18344,"date":"2025-06-08T20:17:26","date_gmt":"2025-06-08T18:17:26","guid":{"rendered":"https:\/\/wgphoto.pl\/t\/?p=18344"},"modified":"2025-06-08T20:17:26","modified_gmt":"2025-06-08T18:17:26","slug":"et40-30-wroclaw-zachodni","status":"publish","type":"post","link":"https:\/\/wgphoto.pl\/t\/?p=18344","title":{"rendered":"ET40-30, Wroc\u0142aw Zachodni"},"content":{"rendered":"\n<figure class=\"wp-block-image aligncenter size-full\"><img loading=\"lazy\" decoding=\"async\" width=\"1399\" height=\"903\" src=\"https:\/\/wgphoto.pl\/t\/wp-content\/uploads\/2025\/06\/2001i-05_rsn.jpg\" alt=\"\" class=\"wp-image-18345\" srcset=\"https:\/\/wgphoto.pl\/t\/wp-content\/uploads\/2025\/06\/2001i-05_rsn.jpg 1399w, https:\/\/wgphoto.pl\/t\/wp-content\/uploads\/2025\/06\/2001i-05_rsn-300x194.jpg 300w, https:\/\/wgphoto.pl\/t\/wp-content\/uploads\/2025\/06\/2001i-05_rsn-768x496.jpg 768w\" sizes=\"auto, (max-width: 1399px) 100vw, 1399px\" \/><\/figure>\n\n\n\n<div class=\"wp-block-group has-global-padding is-layout-constrained wp-block-group-is-layout-constrained\">\n<p>ET40-30 w popo\u0142udniowym s\u0142o\u0144cu na stacji Wroc\u0142aw Zachodni. Troch\u0119 karykaturalnie wygl\u0105da d\u0142uga lokomotywa z kr\u00f3tkimi wagonami. 02.05.2001<\/p>\n<\/div>\n","protected":false},"excerpt":{"rendered":"<p>ET40-30 w popo\u0142udniowym s\u0142o\u0144cu na stacji Wroc\u0142aw Zachodni. Troch\u0119 karykaturalnie wygl\u0105da d\u0142uga lokomotywa z kr\u00f3tkimi wagonami. 02.05.2001<\/p>\n","protected":false},"author":1,"featured_media":18345,"comment_status":"open","ping_status":"","sticky":false,"template":"","format":"standard","meta":{"footnotes":""},"categories":[62,2,940],"tags":[3974,1102,63,27,181,200,41,1623],"class_list":["post-18344","post","type-post","status-publish","format-standard","has-post-thumbnail","hentry","category-analog","category-kolej","category-rok-2001","tag-2001-05-02","tag-et40","tag-pkp","tag-polska","tag-slonce","tag-tab-pl240","tag-wroclaw","tag-wroclaw-zachodni"],"_links":{"self":[{"href":"https:\/\/wgphoto.pl\/t\/index.php?rest_route=\/wp\/v2\/posts\/18344","targetHints":{"allow":["GET"]}}],"collection":[{"href":"https:\/\/wgphoto.pl\/t\/index.php?rest_route=\/wp\/v2\/posts"}],"about":[{"href":"https:\/\/wgphoto.pl\/t\/index.php?rest_route=\/wp\/v2\/types\/post"}],"author":[{"embeddable":true,"href":"https:\/\/wgphoto.pl\/t\/index.php?rest_route=\/wp\/v2\/users\/1"}],"replies":[{"embeddable":true,"href":"https:\/\/wgphoto.pl\/t\/index.php?rest_route=%2Fwp%2Fv2%2Fcomments&post=18344"}],"version-history":[{"count":1,"href":"https:\/\/wgphoto.pl\/t\/index.php?rest_route=\/wp\/v2\/posts\/18344\/revisions"}],"predecessor-version":[{"id":18346,"href":"https:\/\/wgphoto.pl\/t\/index.php?rest_route=\/wp\/v2\/posts\/18344\/revisions\/18346"}],"wp:featuredmedia":[{"embeddable":true,"href":"https:\/\/wgphoto.pl\/t\/index.php?rest_route=\/wp\/v2\/media\/18345"}],"wp:attachment":[{"href":"https:\/\/wgphoto.pl\/t\/index.php?rest_route=%2Fwp%2Fv2%2Fmedia&parent=18344"}],"wp:term":[{"taxonomy":"category","embeddable":true,"href":"https:\/\/wgphoto.pl\/t\/index.php?rest_route=%2Fwp%2Fv2%2Fcategories&post=18344"},{"taxonomy":"post_tag","embeddable":true,"href":"https:\/\/wgphoto.pl\/t\/index.php?rest_route=%2Fwp%2Fv2%2Ftags&post=18344"}],"curies":[{"name":"wp","href":"https:\/\/api.w.org\/{rel}","templated":true}]}}