{"id":18347,"date":"2025-06-08T20:18:12","date_gmt":"2025-06-08T18:18:12","guid":{"rendered":"https:\/\/wgphoto.pl\/t\/?p=18347"},"modified":"2025-06-08T20:18:12","modified_gmt":"2025-06-08T18:18:12","slug":"pracowity-dzien","status":"publish","type":"post","link":"https:\/\/wgphoto.pl\/t\/?p=18347","title":{"rendered":"Pracowity dzie\u0144"},"content":{"rendered":"\n<figure class=\"wp-block-image aligncenter size-full\"><img loading=\"lazy\" decoding=\"async\" width=\"800\" height=\"1067\" src=\"https:\/\/wgphoto.pl\/t\/wp-content\/uploads\/2025\/06\/2001d-19_rsn.jpg\" alt=\"\" class=\"wp-image-18348\" srcset=\"https:\/\/wgphoto.pl\/t\/wp-content\/uploads\/2025\/06\/2001d-19_rsn.jpg 800w, https:\/\/wgphoto.pl\/t\/wp-content\/uploads\/2025\/06\/2001d-19_rsn-225x300.jpg 225w, https:\/\/wgphoto.pl\/t\/wp-content\/uploads\/2025\/06\/2001d-19_rsn-768x1024.jpg 768w\" sizes=\"auto, (max-width: 800px) 100vw, 800px\" \/><\/figure>\n\n\n\n<div class=\"wp-block-group has-global-padding is-layout-constrained wp-block-group-is-layout-constrained\">\n<p>SU46-031 startuje z W\u0119gli\u0144ca z \u0142adunkiem najpewniej z g\u00f3rno\u015bl\u0105skich hut do Niemiec. Obok stoi druga maszyna tej samej serii z kolejnym poci\u0105giem do Horki, a z prawej manewry wykonuje SM42. 16.02.2001<\/p>\n<\/div>\n","protected":false},"excerpt":{"rendered":"<p>SU46-031 startuje z W\u0119gli\u0144ca z \u0142adunkiem najpewniej z g\u00f3rno\u015bl\u0105skich hut do Niemiec. Obok stoi druga maszyna tej samej serii z kolejnym poci\u0105giem do Horki, a z prawej manewry wykonuje SM42. 16.02.2001<\/p>\n","protected":false},"author":1,"featured_media":18348,"comment_status":"open","ping_status":"","sticky":false,"template":"","format":"standard","meta":{"footnotes":""},"categories":[62,2,128,940],"tags":[3975,63,27,84,598],"class_list":["post-18347","post","type-post","status-publish","format-standard","has-post-thumbnail","hentry","category-analog","category-kolej","category-pionowe","category-rok-2001","tag-2001-02-16","tag-pkp","tag-polska","tag-su46","tag-wegliniec"],"_links":{"self":[{"href":"https:\/\/wgphoto.pl\/t\/index.php?rest_route=\/wp\/v2\/posts\/18347","targetHints":{"allow":["GET"]}}],"collection":[{"href":"https:\/\/wgphoto.pl\/t\/index.php?rest_route=\/wp\/v2\/posts"}],"about":[{"href":"https:\/\/wgphoto.pl\/t\/index.php?rest_route=\/wp\/v2\/types\/post"}],"author":[{"embeddable":true,"href":"https:\/\/wgphoto.pl\/t\/index.php?rest_route=\/wp\/v2\/users\/1"}],"replies":[{"embeddable":true,"href":"https:\/\/wgphoto.pl\/t\/index.php?rest_route=%2Fwp%2Fv2%2Fcomments&post=18347"}],"version-history":[{"count":1,"href":"https:\/\/wgphoto.pl\/t\/index.php?rest_route=\/wp\/v2\/posts\/18347\/revisions"}],"predecessor-version":[{"id":18349,"href":"https:\/\/wgphoto.pl\/t\/index.php?rest_route=\/wp\/v2\/posts\/18347\/revisions\/18349"}],"wp:featuredmedia":[{"embeddable":true,"href":"https:\/\/wgphoto.pl\/t\/index.php?rest_route=\/wp\/v2\/media\/18348"}],"wp:attachment":[{"href":"https:\/\/wgphoto.pl\/t\/index.php?rest_route=%2Fwp%2Fv2%2Fmedia&parent=18347"}],"wp:term":[{"taxonomy":"category","embeddable":true,"href":"https:\/\/wgphoto.pl\/t\/index.php?rest_route=%2Fwp%2Fv2%2Fcategories&post=18347"},{"taxonomy":"post_tag","embeddable":true,"href":"https:\/\/wgphoto.pl\/t\/index.php?rest_route=%2Fwp%2Fv2%2Ftags&post=18347"}],"curies":[{"name":"wp","href":"https:\/\/api.w.org\/{rel}","templated":true}]}}