{"id":18360,"date":"2025-06-10T17:35:33","date_gmt":"2025-06-10T15:35:33","guid":{"rendered":"https:\/\/wgphoto.pl\/t\/?p=18360"},"modified":"2025-06-10T17:35:58","modified_gmt":"2025-06-10T15:35:58","slug":"osiedle-sobieskiego","status":"publish","type":"post","link":"https:\/\/wgphoto.pl\/t\/?p=18360","title":{"rendered":"Osiedle Sobieskiego"},"content":{"rendered":"\n<figure class=\"wp-block-image aligncenter size-full\"><img loading=\"lazy\" decoding=\"async\" width=\"1300\" height=\"862\" src=\"https:\/\/wgphoto.pl\/t\/wp-content\/uploads\/2025\/06\/0424-35.jpg\" alt=\"\" class=\"wp-image-18361\" srcset=\"https:\/\/wgphoto.pl\/t\/wp-content\/uploads\/2025\/06\/0424-35.jpg 1300w, https:\/\/wgphoto.pl\/t\/wp-content\/uploads\/2025\/06\/0424-35-300x199.jpg 300w, https:\/\/wgphoto.pl\/t\/wp-content\/uploads\/2025\/06\/0424-35-768x509.jpg 768w\" sizes=\"auto, (max-width: 1300px) 100vw, 1300px\" \/><\/figure>\n\n\n\n<div class=\"wp-block-group has-global-padding is-layout-constrained wp-block-group-is-layout-constrained\">\n<p>Pozna\u0144, p\u0119tla Osiedle Sobieskiego. Na por\u0119 odjazdu czekaj\u0105 tramwaje 105Na 140+141 i Combino 503. Uj\u0119cie nudne jak flaki z olejem, ale mo\u017cliwe do ciekawego por\u00f3wnania, w tle bowiem wyr\u00f3s\u0142 przesiadkowy dworzec autobusowy. [15.09.2004]<\/p>\n<\/div>\n","protected":false},"excerpt":{"rendered":"<p>Pozna\u0144, p\u0119tla Osiedle Sobieskiego. Na por\u0119 odjazdu czekaj\u0105 tramwaje 105Na 140+141 i Combino 503. Uj\u0119cie nudne jak flaki z olejem, ale mo\u017cliwe do ciekawego por\u00f3wnania, w tle bowiem wyr\u00f3s\u0142 przesiadkowy dworzec autobusowy. [15.09.2004]<\/p>\n","protected":false},"author":1,"featured_media":18361,"comment_status":"open","ping_status":"","sticky":false,"template":"","format":"standard","meta":{"footnotes":""},"categories":[62,61,3],"tags":[155,651,236,27,235,381],"class_list":["post-18360","post","type-post","status-publish","format-standard","has-post-thumbnail","hentry","category-analog","category-rok-2004","category-tramwaj","tag-105na","tag-2004-09-15","tag-mpk-poznan","tag-polska","tag-poznan","tag-siemens-combino"],"_links":{"self":[{"href":"https:\/\/wgphoto.pl\/t\/index.php?rest_route=\/wp\/v2\/posts\/18360","targetHints":{"allow":["GET"]}}],"collection":[{"href":"https:\/\/wgphoto.pl\/t\/index.php?rest_route=\/wp\/v2\/posts"}],"about":[{"href":"https:\/\/wgphoto.pl\/t\/index.php?rest_route=\/wp\/v2\/types\/post"}],"author":[{"embeddable":true,"href":"https:\/\/wgphoto.pl\/t\/index.php?rest_route=\/wp\/v2\/users\/1"}],"replies":[{"embeddable":true,"href":"https:\/\/wgphoto.pl\/t\/index.php?rest_route=%2Fwp%2Fv2%2Fcomments&post=18360"}],"version-history":[{"count":1,"href":"https:\/\/wgphoto.pl\/t\/index.php?rest_route=\/wp\/v2\/posts\/18360\/revisions"}],"predecessor-version":[{"id":18362,"href":"https:\/\/wgphoto.pl\/t\/index.php?rest_route=\/wp\/v2\/posts\/18360\/revisions\/18362"}],"wp:featuredmedia":[{"embeddable":true,"href":"https:\/\/wgphoto.pl\/t\/index.php?rest_route=\/wp\/v2\/media\/18361"}],"wp:attachment":[{"href":"https:\/\/wgphoto.pl\/t\/index.php?rest_route=%2Fwp%2Fv2%2Fmedia&parent=18360"}],"wp:term":[{"taxonomy":"category","embeddable":true,"href":"https:\/\/wgphoto.pl\/t\/index.php?rest_route=%2Fwp%2Fv2%2Fcategories&post=18360"},{"taxonomy":"post_tag","embeddable":true,"href":"https:\/\/wgphoto.pl\/t\/index.php?rest_route=%2Fwp%2Fv2%2Ftags&post=18360"}],"curies":[{"name":"wp","href":"https:\/\/api.w.org\/{rel}","templated":true}]}}