{"id":18363,"date":"2025-06-10T17:36:48","date_gmt":"2025-06-10T15:36:48","guid":{"rendered":"https:\/\/wgphoto.pl\/t\/?p=18363"},"modified":"2025-06-10T17:36:48","modified_gmt":"2025-06-10T15:36:48","slug":"architektura-krajobrazu","status":"publish","type":"post","link":"https:\/\/wgphoto.pl\/t\/?p=18363","title":{"rendered":"Architektura krajobrazu"},"content":{"rendered":"\n<figure class=\"wp-block-image aligncenter size-full\"><img loading=\"lazy\" decoding=\"async\" width=\"1300\" height=\"862\" src=\"https:\/\/wgphoto.pl\/t\/wp-content\/uploads\/2025\/06\/0516-25.jpg\" alt=\"\" class=\"wp-image-18364\" srcset=\"https:\/\/wgphoto.pl\/t\/wp-content\/uploads\/2025\/06\/0516-25.jpg 1300w, https:\/\/wgphoto.pl\/t\/wp-content\/uploads\/2025\/06\/0516-25-300x199.jpg 300w, https:\/\/wgphoto.pl\/t\/wp-content\/uploads\/2025\/06\/0516-25-768x509.jpg 768w\" sizes=\"auto, (max-width: 1300px) 100vw, 1300px\" \/><\/figure>\n\n\n\n<div class=\"wp-block-group has-global-padding is-layout-constrained wp-block-group-is-layout-constrained\">\n<p>Pozna\u0144, pl. Wielkopolski, 105Na+105NaD 198+197. Urzek\u0142 mnie ten banner na niedoko\u0144czonej nadbud\u00f3wce, b\u0119d\u0105cej z pewno\u015bci\u0105 per\u0142\u0105 architektury i korzystnego wp\u0142ywu na miejski krajobraz. [19.07.2005]<\/p>\n<\/div>\n","protected":false},"excerpt":{"rendered":"<p>Pozna\u0144, pl. Wielkopolski, 105Na+105NaD 198+197. Urzek\u0142 mnie ten banner na niedoko\u0144czonej nadbud\u00f3wce, b\u0119d\u0105cej z pewno\u015bci\u0105 per\u0142\u0105 architektury i korzystnego wp\u0142ywu na miejski krajobraz. [19.07.2005]<\/p>\n","protected":false},"author":1,"featured_media":18364,"comment_status":"open","ping_status":"","sticky":false,"template":"","format":"standard","meta":{"footnotes":""},"categories":[62,311,3],"tags":[155,2687,236,27,235],"class_list":["post-18363","post","type-post","status-publish","format-standard","has-post-thumbnail","hentry","category-analog","category-rok-2005","category-tramwaj","tag-105na","tag-2005-07-19","tag-mpk-poznan","tag-polska","tag-poznan"],"_links":{"self":[{"href":"https:\/\/wgphoto.pl\/t\/index.php?rest_route=\/wp\/v2\/posts\/18363","targetHints":{"allow":["GET"]}}],"collection":[{"href":"https:\/\/wgphoto.pl\/t\/index.php?rest_route=\/wp\/v2\/posts"}],"about":[{"href":"https:\/\/wgphoto.pl\/t\/index.php?rest_route=\/wp\/v2\/types\/post"}],"author":[{"embeddable":true,"href":"https:\/\/wgphoto.pl\/t\/index.php?rest_route=\/wp\/v2\/users\/1"}],"replies":[{"embeddable":true,"href":"https:\/\/wgphoto.pl\/t\/index.php?rest_route=%2Fwp%2Fv2%2Fcomments&post=18363"}],"version-history":[{"count":1,"href":"https:\/\/wgphoto.pl\/t\/index.php?rest_route=\/wp\/v2\/posts\/18363\/revisions"}],"predecessor-version":[{"id":18365,"href":"https:\/\/wgphoto.pl\/t\/index.php?rest_route=\/wp\/v2\/posts\/18363\/revisions\/18365"}],"wp:featuredmedia":[{"embeddable":true,"href":"https:\/\/wgphoto.pl\/t\/index.php?rest_route=\/wp\/v2\/media\/18364"}],"wp:attachment":[{"href":"https:\/\/wgphoto.pl\/t\/index.php?rest_route=%2Fwp%2Fv2%2Fmedia&parent=18363"}],"wp:term":[{"taxonomy":"category","embeddable":true,"href":"https:\/\/wgphoto.pl\/t\/index.php?rest_route=%2Fwp%2Fv2%2Fcategories&post=18363"},{"taxonomy":"post_tag","embeddable":true,"href":"https:\/\/wgphoto.pl\/t\/index.php?rest_route=%2Fwp%2Fv2%2Ftags&post=18363"}],"curies":[{"name":"wp","href":"https:\/\/api.w.org\/{rel}","templated":true}]}}