{"id":18378,"date":"2025-06-10T17:41:06","date_gmt":"2025-06-10T15:41:06","guid":{"rendered":"https:\/\/wgphoto.pl\/t\/?p=18378"},"modified":"2025-06-10T17:41:06","modified_gmt":"2025-06-10T15:41:06","slug":"su45-079-w-chojnicach","status":"publish","type":"post","link":"https:\/\/wgphoto.pl\/t\/?p=18378","title":{"rendered":"SU45-079 w Chojnicach"},"content":{"rendered":"\n<figure class=\"wp-block-image aligncenter size-full\"><img loading=\"lazy\" decoding=\"async\" width=\"1300\" height=\"862\" src=\"https:\/\/wgphoto.pl\/t\/wp-content\/uploads\/2025\/06\/0509-35.jpg\" alt=\"\" class=\"wp-image-18379\" srcset=\"https:\/\/wgphoto.pl\/t\/wp-content\/uploads\/2025\/06\/0509-35.jpg 1300w, https:\/\/wgphoto.pl\/t\/wp-content\/uploads\/2025\/06\/0509-35-300x199.jpg 300w, https:\/\/wgphoto.pl\/t\/wp-content\/uploads\/2025\/06\/0509-35-768x509.jpg 768w\" sizes=\"auto, (max-width: 1300px) 100vw, 1300px\" \/><\/figure>\n\n\n\n<div class=\"wp-block-group has-global-padding is-layout-constrained wp-block-group-is-layout-constrained\">\n<p>SU45-079 wkr\u00f3tce odjedzie z Chojnic z poci\u0105giem przyspieszonym 90120 &#8222;Chojniczanin&#8221; do Bydgoszczy G\u0142\u00f3wnej. Pozdrowienia dla przyczajonego pasa\u017cera. \ud83d\ude09 [03.05.2005]<\/p>\n<\/div>\n","protected":false},"excerpt":{"rendered":"<p>SU45-079 wkr\u00f3tce odjedzie z Chojnic z poci\u0105giem przyspieszonym 90120 &#8222;Chojniczanin&#8221; do Bydgoszczy G\u0142\u00f3wnej. Pozdrowienia dla przyczajonego pasa\u017cera. \ud83d\ude09 [03.05.2005]<\/p>\n","protected":false},"author":1,"featured_media":18379,"comment_status":"open","ping_status":"","sticky":false,"template":"","format":"standard","meta":{"footnotes":""},"categories":[62,2,311],"tags":[1043,288,3759,645,24,63,27,176,290,793],"class_list":["post-18378","post","type-post","status-publish","format-standard","has-post-thumbnail","hentry","category-analog","category-kolej","category-rok-2005","tag-2005-05-03","tag-bipa","tag-chojnice","tag-majowka-2005-2","tag-perony","tag-pkp","tag-polska","tag-rano","tag-su45","tag-tab-pl431"],"_links":{"self":[{"href":"https:\/\/wgphoto.pl\/t\/index.php?rest_route=\/wp\/v2\/posts\/18378","targetHints":{"allow":["GET"]}}],"collection":[{"href":"https:\/\/wgphoto.pl\/t\/index.php?rest_route=\/wp\/v2\/posts"}],"about":[{"href":"https:\/\/wgphoto.pl\/t\/index.php?rest_route=\/wp\/v2\/types\/post"}],"author":[{"embeddable":true,"href":"https:\/\/wgphoto.pl\/t\/index.php?rest_route=\/wp\/v2\/users\/1"}],"replies":[{"embeddable":true,"href":"https:\/\/wgphoto.pl\/t\/index.php?rest_route=%2Fwp%2Fv2%2Fcomments&post=18378"}],"version-history":[{"count":1,"href":"https:\/\/wgphoto.pl\/t\/index.php?rest_route=\/wp\/v2\/posts\/18378\/revisions"}],"predecessor-version":[{"id":18380,"href":"https:\/\/wgphoto.pl\/t\/index.php?rest_route=\/wp\/v2\/posts\/18378\/revisions\/18380"}],"wp:featuredmedia":[{"embeddable":true,"href":"https:\/\/wgphoto.pl\/t\/index.php?rest_route=\/wp\/v2\/media\/18379"}],"wp:attachment":[{"href":"https:\/\/wgphoto.pl\/t\/index.php?rest_route=%2Fwp%2Fv2%2Fmedia&parent=18378"}],"wp:term":[{"taxonomy":"category","embeddable":true,"href":"https:\/\/wgphoto.pl\/t\/index.php?rest_route=%2Fwp%2Fv2%2Fcategories&post=18378"},{"taxonomy":"post_tag","embeddable":true,"href":"https:\/\/wgphoto.pl\/t\/index.php?rest_route=%2Fwp%2Fv2%2Ftags&post=18378"}],"curies":[{"name":"wp","href":"https:\/\/api.w.org\/{rel}","templated":true}]}}