{"id":18381,"date":"2025-06-10T17:42:04","date_gmt":"2025-06-10T15:42:04","guid":{"rendered":"https:\/\/wgphoto.pl\/t\/?p=18381"},"modified":"2025-06-10T17:42:46","modified_gmt":"2025-06-10T15:42:46","slug":"szwajcarski-tramwaj-we-francji","status":"publish","type":"post","link":"https:\/\/wgphoto.pl\/t\/?p=18381","title":{"rendered":"Szwajcarski tramwaj we Francji"},"content":{"rendered":"\n<figure class=\"wp-block-image aligncenter size-full\"><img loading=\"lazy\" decoding=\"async\" width=\"1300\" height=\"861\" src=\"https:\/\/wgphoto.pl\/t\/wp-content\/uploads\/2025\/06\/IMGP7301.jpg\" alt=\"\" class=\"wp-image-18382\" srcset=\"https:\/\/wgphoto.pl\/t\/wp-content\/uploads\/2025\/06\/IMGP7301.jpg 1300w, https:\/\/wgphoto.pl\/t\/wp-content\/uploads\/2025\/06\/IMGP7301-300x199.jpg 300w, https:\/\/wgphoto.pl\/t\/wp-content\/uploads\/2025\/06\/IMGP7301-768x509.jpg 768w\" sizes=\"auto, (max-width: 1300px) 100vw, 1300px\" \/><\/figure>\n\n\n\n<div class=\"wp-block-group has-global-padding is-layout-constrained wp-block-group-is-layout-constrained\">\n<p>Stadler Tango sp\u00f3\u0142ki BLT, jad\u0105cy ze Szwajcarii do Szwajcarii, zatrzyma\u0142 si\u0119 na mijance Leymen le\u017c\u0105cej na terytorium Francji. [22.03.2018]<\/p>\n<\/div>\n","protected":false},"excerpt":{"rendered":"<p>Stadler Tango sp\u00f3\u0142ki BLT, jad\u0105cy ze Szwajcarii do Szwajcarii, zatrzyma\u0142 si\u0119 na mijance Leymen le\u017c\u0105cej na terytorium Francji. [22.03.2018]<\/p>\n","protected":false},"author":1,"featured_media":18382,"comment_status":"open","ping_status":"","sticky":false,"template":"","format":"standard","meta":{"footnotes":""},"categories":[156,3],"tags":[382,34,378,2485,415,2486,143,2487,183,561],"class_list":["post-18381","post","type-post","status-publish","format-standard","has-post-thumbnail","hentry","category-rok-2018","category-tramwaj","tag-2018-03-22","tag-architektura","tag-bazylea","tag-blt","tag-francja","tag-leymen","tag-ponad-30m","tag-stadler-tango","tag-suissetrip-2018","tag-tramwaj-podmiejski"],"_links":{"self":[{"href":"https:\/\/wgphoto.pl\/t\/index.php?rest_route=\/wp\/v2\/posts\/18381","targetHints":{"allow":["GET"]}}],"collection":[{"href":"https:\/\/wgphoto.pl\/t\/index.php?rest_route=\/wp\/v2\/posts"}],"about":[{"href":"https:\/\/wgphoto.pl\/t\/index.php?rest_route=\/wp\/v2\/types\/post"}],"author":[{"embeddable":true,"href":"https:\/\/wgphoto.pl\/t\/index.php?rest_route=\/wp\/v2\/users\/1"}],"replies":[{"embeddable":true,"href":"https:\/\/wgphoto.pl\/t\/index.php?rest_route=%2Fwp%2Fv2%2Fcomments&post=18381"}],"version-history":[{"count":1,"href":"https:\/\/wgphoto.pl\/t\/index.php?rest_route=\/wp\/v2\/posts\/18381\/revisions"}],"predecessor-version":[{"id":18383,"href":"https:\/\/wgphoto.pl\/t\/index.php?rest_route=\/wp\/v2\/posts\/18381\/revisions\/18383"}],"wp:featuredmedia":[{"embeddable":true,"href":"https:\/\/wgphoto.pl\/t\/index.php?rest_route=\/wp\/v2\/media\/18382"}],"wp:attachment":[{"href":"https:\/\/wgphoto.pl\/t\/index.php?rest_route=%2Fwp%2Fv2%2Fmedia&parent=18381"}],"wp:term":[{"taxonomy":"category","embeddable":true,"href":"https:\/\/wgphoto.pl\/t\/index.php?rest_route=%2Fwp%2Fv2%2Fcategories&post=18381"},{"taxonomy":"post_tag","embeddable":true,"href":"https:\/\/wgphoto.pl\/t\/index.php?rest_route=%2Fwp%2Fv2%2Ftags&post=18381"}],"curies":[{"name":"wp","href":"https:\/\/api.w.org\/{rel}","templated":true}]}}