{"id":18390,"date":"2025-06-10T17:47:09","date_gmt":"2025-06-10T15:47:09","guid":{"rendered":"https:\/\/wgphoto.pl\/t\/?p=18390"},"modified":"2025-06-10T17:47:09","modified_gmt":"2025-06-10T15:47:09","slug":"graca","status":"publish","type":"post","link":"https:\/\/wgphoto.pl\/t\/?p=18390","title":{"rendered":"Gra\u00e7a"},"content":{"rendered":"\n<figure class=\"wp-block-image aligncenter size-full\"><img loading=\"lazy\" decoding=\"async\" width=\"1300\" height=\"870\" src=\"https:\/\/wgphoto.pl\/t\/wp-content\/uploads\/2025\/06\/IMGP7305.jpg\" alt=\"\" class=\"wp-image-18391\" srcset=\"https:\/\/wgphoto.pl\/t\/wp-content\/uploads\/2025\/06\/IMGP7305.jpg 1300w, https:\/\/wgphoto.pl\/t\/wp-content\/uploads\/2025\/06\/IMGP7305-300x201.jpg 300w, https:\/\/wgphoto.pl\/t\/wp-content\/uploads\/2025\/06\/IMGP7305-768x514.jpg 768w\" sizes=\"auto, (max-width: 1300px) 100vw, 1300px\" \/><\/figure>\n\n\n\n<div class=\"wp-block-group has-global-padding is-layout-constrained wp-block-group-is-layout-constrained\">\n<p>Lizbona, Rua da Voz do Oper\u00e1rio, wagon nr 560 wspina si\u0119 do dzielnicy Gra\u00e7a pozostawiaj\u0105c za sob\u0105 jeden z wielu widok\u00f3w na estuarium Tagu. [06.09.2010]<\/p>\n<\/div>\n","protected":false},"excerpt":{"rendered":"<p>Lizbona, Rua da Voz do Oper\u00e1rio, wagon nr 560 wspina si\u0119 do dzielnicy Gra\u00e7a pozostawiaj\u0105c za sob\u0105 jeden z wielu widok\u00f3w na estuarium Tagu. [06.09.2010]<\/p>\n","protected":false},"author":1,"featured_media":18391,"comment_status":"open","ping_status":"","sticky":false,"template":"","format":"standard","meta":{"footnotes":""},"categories":[86,3],"tags":[300,299,298,118,297,588,73],"class_list":["post-18390","post","type-post","status-publish","format-standard","has-post-thumbnail","hentry","category-rok-2010","category-tramwaj","tag-2010-09-06","tag-carris-lisboa","tag-lizbona","tag-plany-i-profile","tag-portugalia","tag-remodelado","tag-rzeka"],"_links":{"self":[{"href":"https:\/\/wgphoto.pl\/t\/index.php?rest_route=\/wp\/v2\/posts\/18390","targetHints":{"allow":["GET"]}}],"collection":[{"href":"https:\/\/wgphoto.pl\/t\/index.php?rest_route=\/wp\/v2\/posts"}],"about":[{"href":"https:\/\/wgphoto.pl\/t\/index.php?rest_route=\/wp\/v2\/types\/post"}],"author":[{"embeddable":true,"href":"https:\/\/wgphoto.pl\/t\/index.php?rest_route=\/wp\/v2\/users\/1"}],"replies":[{"embeddable":true,"href":"https:\/\/wgphoto.pl\/t\/index.php?rest_route=%2Fwp%2Fv2%2Fcomments&post=18390"}],"version-history":[{"count":1,"href":"https:\/\/wgphoto.pl\/t\/index.php?rest_route=\/wp\/v2\/posts\/18390\/revisions"}],"predecessor-version":[{"id":18392,"href":"https:\/\/wgphoto.pl\/t\/index.php?rest_route=\/wp\/v2\/posts\/18390\/revisions\/18392"}],"wp:featuredmedia":[{"embeddable":true,"href":"https:\/\/wgphoto.pl\/t\/index.php?rest_route=\/wp\/v2\/media\/18391"}],"wp:attachment":[{"href":"https:\/\/wgphoto.pl\/t\/index.php?rest_route=%2Fwp%2Fv2%2Fmedia&parent=18390"}],"wp:term":[{"taxonomy":"category","embeddable":true,"href":"https:\/\/wgphoto.pl\/t\/index.php?rest_route=%2Fwp%2Fv2%2Fcategories&post=18390"},{"taxonomy":"post_tag","embeddable":true,"href":"https:\/\/wgphoto.pl\/t\/index.php?rest_route=%2Fwp%2Fv2%2Ftags&post=18390"}],"curies":[{"name":"wp","href":"https:\/\/api.w.org\/{rel}","templated":true}]}}