{"id":18396,"date":"2025-06-10T17:49:15","date_gmt":"2025-06-10T15:49:15","guid":{"rendered":"https:\/\/wgphoto.pl\/t\/?p=18396"},"modified":"2025-06-10T17:49:15","modified_gmt":"2025-06-10T15:49:15","slug":"mijanka-pod-kosciolem","status":"publish","type":"post","link":"https:\/\/wgphoto.pl\/t\/?p=18396","title":{"rendered":"Mijanka pod ko\u015bcio\u0142em"},"content":{"rendered":"\n<figure class=\"wp-block-image aligncenter size-full\"><img loading=\"lazy\" decoding=\"async\" width=\"1200\" height=\"960\" src=\"https:\/\/wgphoto.pl\/t\/wp-content\/uploads\/2025\/06\/IMGP2332-1.jpg\" alt=\"\" class=\"wp-image-18397\" srcset=\"https:\/\/wgphoto.pl\/t\/wp-content\/uploads\/2025\/06\/IMGP2332-1.jpg 1200w, https:\/\/wgphoto.pl\/t\/wp-content\/uploads\/2025\/06\/IMGP2332-1-300x240.jpg 300w, https:\/\/wgphoto.pl\/t\/wp-content\/uploads\/2025\/06\/IMGP2332-1-768x614.jpg 768w\" sizes=\"auto, (max-width: 1200px) 100vw, 1200px\" \/><\/figure>\n\n\n\n<div class=\"wp-block-group has-global-padding is-layout-constrained wp-block-group-is-layout-constrained\">\n<p>Timiszoara, Bulevardul Regele Carol I. Mijanka wagon\u00f3w GT4b 3435 i GT4c 3479 pod ko\u015bcio\u0142em pw. Narodzenia NMP. [20.08.2015]<\/p>\n<\/div>\n","protected":false},"excerpt":{"rendered":"<p>Timiszoara, Bulevardul Regele Carol I. Mijanka wagon\u00f3w GT4b 3435 i GT4c 3479 pod ko\u015bcio\u0142em pw. Narodzenia NMP. [20.08.2015]<\/p>\n","protected":false},"author":1,"featured_media":18397,"comment_status":"open","ping_status":"","sticky":false,"template":"","format":"standard","meta":{"footnotes":""},"categories":[104,3],"tags":[1301,34,13,2160,389,1175,574,1176,107],"class_list":["post-18396","post","type-post","status-publish","format-standard","has-post-thumbnail","hentry","category-rok-2015","category-tramwaj","tag-2015-08-20","tag-architektura","tag-deszcz","tag-gtatra-t4","tag-mijanka","tag-ratt-timisoara","tag-rumunia","tag-timisoara","tag-wakacje-2015"],"_links":{"self":[{"href":"https:\/\/wgphoto.pl\/t\/index.php?rest_route=\/wp\/v2\/posts\/18396","targetHints":{"allow":["GET"]}}],"collection":[{"href":"https:\/\/wgphoto.pl\/t\/index.php?rest_route=\/wp\/v2\/posts"}],"about":[{"href":"https:\/\/wgphoto.pl\/t\/index.php?rest_route=\/wp\/v2\/types\/post"}],"author":[{"embeddable":true,"href":"https:\/\/wgphoto.pl\/t\/index.php?rest_route=\/wp\/v2\/users\/1"}],"replies":[{"embeddable":true,"href":"https:\/\/wgphoto.pl\/t\/index.php?rest_route=%2Fwp%2Fv2%2Fcomments&post=18396"}],"version-history":[{"count":1,"href":"https:\/\/wgphoto.pl\/t\/index.php?rest_route=\/wp\/v2\/posts\/18396\/revisions"}],"predecessor-version":[{"id":18398,"href":"https:\/\/wgphoto.pl\/t\/index.php?rest_route=\/wp\/v2\/posts\/18396\/revisions\/18398"}],"wp:featuredmedia":[{"embeddable":true,"href":"https:\/\/wgphoto.pl\/t\/index.php?rest_route=\/wp\/v2\/media\/18397"}],"wp:attachment":[{"href":"https:\/\/wgphoto.pl\/t\/index.php?rest_route=%2Fwp%2Fv2%2Fmedia&parent=18396"}],"wp:term":[{"taxonomy":"category","embeddable":true,"href":"https:\/\/wgphoto.pl\/t\/index.php?rest_route=%2Fwp%2Fv2%2Fcategories&post=18396"},{"taxonomy":"post_tag","embeddable":true,"href":"https:\/\/wgphoto.pl\/t\/index.php?rest_route=%2Fwp%2Fv2%2Ftags&post=18396"}],"curies":[{"name":"wp","href":"https:\/\/api.w.org\/{rel}","templated":true}]}}