{"id":18399,"date":"2025-06-10T17:50:02","date_gmt":"2025-06-10T15:50:02","guid":{"rendered":"https:\/\/wgphoto.pl\/t\/?p=18399"},"modified":"2025-06-10T17:50:02","modified_gmt":"2025-06-10T15:50:02","slug":"dawno-temu-w-tarpnie","status":"publish","type":"post","link":"https:\/\/wgphoto.pl\/t\/?p=18399","title":{"rendered":"Dawno temu w Tarpnie"},"content":{"rendered":"\n<figure class=\"wp-block-image aligncenter size-full\"><img loading=\"lazy\" decoding=\"async\" width=\"1300\" height=\"862\" src=\"https:\/\/wgphoto.pl\/t\/wp-content\/uploads\/2025\/06\/0413-02.jpg\" alt=\"\" class=\"wp-image-18400\" srcset=\"https:\/\/wgphoto.pl\/t\/wp-content\/uploads\/2025\/06\/0413-02.jpg 1300w, https:\/\/wgphoto.pl\/t\/wp-content\/uploads\/2025\/06\/0413-02-300x199.jpg 300w, https:\/\/wgphoto.pl\/t\/wp-content\/uploads\/2025\/06\/0413-02-768x509.jpg 768w\" sizes=\"auto, (max-width: 1300px) 100vw, 1300px\" \/><\/figure>\n\n\n\n<div class=\"wp-block-group has-global-padding is-layout-constrained wp-block-group-is-layout-constrained\">\n<p>GT6 71 (ex-Mannheim) wyje\u017cd\u017ca z p\u0119tli Tarpno w Grudzi\u0105dzu. Jako\u015b\u0107 jak to z analoga, zabawom ze \u015bwiat\u0142em nie s\u0142u\u017cy, ale spodoba\u0142 mi si\u0119 ten rz\u0105d drzew pod\u015bwietlonych s\u0142o\u0144cem. [19.07.2004]<\/p>\n<\/div>\n","protected":false},"excerpt":{"rendered":"<p>GT6 71 (ex-Mannheim) wyje\u017cd\u017ca z p\u0119tli Tarpno w Grudzi\u0105dzu. Jako\u015b\u0107 jak to z analoga, zabawom ze \u015bwiat\u0142em nie s\u0142u\u017cy, ale spodoba\u0142 mi si\u0119 ten rz\u0105d drzew pod\u015bwietlonych s\u0142o\u0144cem. [19.07.2004]<\/p>\n","protected":false},"author":1,"featured_media":18400,"comment_status":"open","ping_status":"","sticky":false,"template":"","format":"standard","meta":{"footnotes":""},"categories":[62,61,3],"tags":[2095,915,101,914,27],"class_list":["post-18399","post","type-post","status-publish","format-standard","has-post-thumbnail","hentry","category-analog","category-rok-2004","category-tramwaj","tag-2004-07-19","tag-grudziadz","tag-gt6","tag-mzk-grudziadz","tag-polska"],"_links":{"self":[{"href":"https:\/\/wgphoto.pl\/t\/index.php?rest_route=\/wp\/v2\/posts\/18399","targetHints":{"allow":["GET"]}}],"collection":[{"href":"https:\/\/wgphoto.pl\/t\/index.php?rest_route=\/wp\/v2\/posts"}],"about":[{"href":"https:\/\/wgphoto.pl\/t\/index.php?rest_route=\/wp\/v2\/types\/post"}],"author":[{"embeddable":true,"href":"https:\/\/wgphoto.pl\/t\/index.php?rest_route=\/wp\/v2\/users\/1"}],"replies":[{"embeddable":true,"href":"https:\/\/wgphoto.pl\/t\/index.php?rest_route=%2Fwp%2Fv2%2Fcomments&post=18399"}],"version-history":[{"count":1,"href":"https:\/\/wgphoto.pl\/t\/index.php?rest_route=\/wp\/v2\/posts\/18399\/revisions"}],"predecessor-version":[{"id":18401,"href":"https:\/\/wgphoto.pl\/t\/index.php?rest_route=\/wp\/v2\/posts\/18399\/revisions\/18401"}],"wp:featuredmedia":[{"embeddable":true,"href":"https:\/\/wgphoto.pl\/t\/index.php?rest_route=\/wp\/v2\/media\/18400"}],"wp:attachment":[{"href":"https:\/\/wgphoto.pl\/t\/index.php?rest_route=%2Fwp%2Fv2%2Fmedia&parent=18399"}],"wp:term":[{"taxonomy":"category","embeddable":true,"href":"https:\/\/wgphoto.pl\/t\/index.php?rest_route=%2Fwp%2Fv2%2Fcategories&post=18399"},{"taxonomy":"post_tag","embeddable":true,"href":"https:\/\/wgphoto.pl\/t\/index.php?rest_route=%2Fwp%2Fv2%2Ftags&post=18399"}],"curies":[{"name":"wp","href":"https:\/\/api.w.org\/{rel}","templated":true}]}}