{"id":18405,"date":"2025-06-10T17:51:45","date_gmt":"2025-06-10T15:51:45","guid":{"rendered":"https:\/\/wgphoto.pl\/t\/?p=18405"},"modified":"2025-06-10T17:51:45","modified_gmt":"2025-06-10T15:51:45","slug":"barwy-jesieni-4","status":"publish","type":"post","link":"https:\/\/wgphoto.pl\/t\/?p=18405","title":{"rendered":"Barwy jesieni"},"content":{"rendered":"\n<figure class=\"wp-block-image aligncenter size-full\"><img loading=\"lazy\" decoding=\"async\" width=\"1300\" height=\"870\" src=\"https:\/\/wgphoto.pl\/t\/wp-content\/uploads\/2025\/06\/IMGP9918.jpg\" alt=\"\" class=\"wp-image-18406\" srcset=\"https:\/\/wgphoto.pl\/t\/wp-content\/uploads\/2025\/06\/IMGP9918.jpg 1300w, https:\/\/wgphoto.pl\/t\/wp-content\/uploads\/2025\/06\/IMGP9918-300x201.jpg 300w, https:\/\/wgphoto.pl\/t\/wp-content\/uploads\/2025\/06\/IMGP9918-768x514.jpg 768w\" sizes=\"auto, (max-width: 1300px) 100vw, 1300px\" \/><\/figure>\n\n\n\n<div class=\"wp-block-group has-global-padding is-layout-constrained wp-block-group-is-layout-constrained\">\n<p>\u2026poranka i motorak\u00f3w na stacji Teplice nad Metuj\u00ed. 814.053 pojedzie do N\u00e1chodu, a jedna z 810-tek spod budynku stacyjnego odjedzie do Trutnova. [13.10.2012]<\/p>\n<\/div>\n","protected":false},"excerpt":{"rendered":"<p>\u2026poranka i motorak\u00f3w na stacji Teplice nad Metuj\u00ed. 814.053 pojedzie do N\u00e1chodu, a jedna z 810-tek spod budynku stacyjnego odjedzie do Trutnova. [13.10.2012]<\/p>\n","protected":false},"author":1,"featured_media":18406,"comment_status":"open","ping_status":"","sticky":false,"template":"","format":"standard","meta":{"footnotes":""},"categories":[2,46],"tags":[1870,92,211,50,49,126,176,1720,2835],"class_list":["post-18405","post","type-post","status-publish","format-standard","has-post-thumbnail","hentry","category-kolej","category-rok-2012","tag-2012-10-13","tag-92","tag-211","tag-cd","tag-czechy","tag-jesien","tag-rano","tag-tab-cz026","tag-teplice-nad-metuji"],"_links":{"self":[{"href":"https:\/\/wgphoto.pl\/t\/index.php?rest_route=\/wp\/v2\/posts\/18405","targetHints":{"allow":["GET"]}}],"collection":[{"href":"https:\/\/wgphoto.pl\/t\/index.php?rest_route=\/wp\/v2\/posts"}],"about":[{"href":"https:\/\/wgphoto.pl\/t\/index.php?rest_route=\/wp\/v2\/types\/post"}],"author":[{"embeddable":true,"href":"https:\/\/wgphoto.pl\/t\/index.php?rest_route=\/wp\/v2\/users\/1"}],"replies":[{"embeddable":true,"href":"https:\/\/wgphoto.pl\/t\/index.php?rest_route=%2Fwp%2Fv2%2Fcomments&post=18405"}],"version-history":[{"count":1,"href":"https:\/\/wgphoto.pl\/t\/index.php?rest_route=\/wp\/v2\/posts\/18405\/revisions"}],"predecessor-version":[{"id":18407,"href":"https:\/\/wgphoto.pl\/t\/index.php?rest_route=\/wp\/v2\/posts\/18405\/revisions\/18407"}],"wp:featuredmedia":[{"embeddable":true,"href":"https:\/\/wgphoto.pl\/t\/index.php?rest_route=\/wp\/v2\/media\/18406"}],"wp:attachment":[{"href":"https:\/\/wgphoto.pl\/t\/index.php?rest_route=%2Fwp%2Fv2%2Fmedia&parent=18405"}],"wp:term":[{"taxonomy":"category","embeddable":true,"href":"https:\/\/wgphoto.pl\/t\/index.php?rest_route=%2Fwp%2Fv2%2Fcategories&post=18405"},{"taxonomy":"post_tag","embeddable":true,"href":"https:\/\/wgphoto.pl\/t\/index.php?rest_route=%2Fwp%2Fv2%2Ftags&post=18405"}],"curies":[{"name":"wp","href":"https:\/\/api.w.org\/{rel}","templated":true}]}}