{"id":18418,"date":"2025-06-10T17:56:15","date_gmt":"2025-06-10T15:56:15","guid":{"rendered":"https:\/\/wgphoto.pl\/t\/?p=18418"},"modified":"2025-06-10T17:56:15","modified_gmt":"2025-06-10T15:56:15","slug":"kilka-centymetrow-dla-lakiernika-wielki-krok-dla-ludzkosci","status":"publish","type":"post","link":"https:\/\/wgphoto.pl\/t\/?p=18418","title":{"rendered":"Kilka centymetr\u00f3w dla lakiernika, wielki krok dla ludzko\u015bci"},"content":{"rendered":"\n<figure class=\"wp-block-image aligncenter size-full\"><img loading=\"lazy\" decoding=\"async\" width=\"1200\" height=\"900\" src=\"https:\/\/wgphoto.pl\/t\/wp-content\/uploads\/2025\/06\/DSCF7879.jpg\" alt=\"\" class=\"wp-image-18419\" srcset=\"https:\/\/wgphoto.pl\/t\/wp-content\/uploads\/2025\/06\/DSCF7879.jpg 1200w, https:\/\/wgphoto.pl\/t\/wp-content\/uploads\/2025\/06\/DSCF7879-300x225.jpg 300w, https:\/\/wgphoto.pl\/t\/wp-content\/uploads\/2025\/06\/DSCF7879-768x576.jpg 768w\" sizes=\"auto, (max-width: 1200px) 100vw, 1200px\" \/><\/figure>\n\n\n\n<div class=\"wp-block-group has-global-padding is-layout-constrained wp-block-group-is-layout-constrained\">\n<p>Praga, ul. Milady Hor\u00e1kov\u00e9. Mijanka woz\u00f3w KT8D5 9014 przed modernizacj\u0105 z KT8D5R.N2P 9068 (ex-9018) po modernizacji. W warstwie wizualnej zmodyfikowano bia\u0142y pas na czole &#8211; ta bardzo drobna zmiana znacz\u0105co poprawi\u0142a odbi\u00f3r kanciastego przodu. [10.11.2008]<\/p>\n<\/div>\n","protected":false},"excerpt":{"rendered":"<p>Praga, ul. Milady Hor\u00e1kov\u00e9. Mijanka woz\u00f3w KT8D5 9014 przed modernizacj\u0105 z KT8D5R.N2P 9068 (ex-9018) po modernizacji. W warstwie wizualnej zmodyfikowano bia\u0142y pas na czole &#8211; ta bardzo drobna zmiana znacz\u0105co poprawi\u0142a odbi\u00f3r kanciastego przodu. [10.11.2008]<\/p>\n","protected":false},"author":1,"featured_media":18419,"comment_status":"open","ping_status":"","sticky":false,"template":"","format":"standard","meta":{"footnotes":""},"categories":[120,3],"tags":[2058,49,1049,173,389,52,1075],"class_list":["post-18418","post","type-post","status-publish","format-standard","has-post-thumbnail","hentry","category-rok-2008","category-tramwaj","tag-2008-11-10","tag-czechy","tag-dp-praha","tag-koncowki","tag-mijanka","tag-praga","tag-tatra-kt8"],"_links":{"self":[{"href":"https:\/\/wgphoto.pl\/t\/index.php?rest_route=\/wp\/v2\/posts\/18418","targetHints":{"allow":["GET"]}}],"collection":[{"href":"https:\/\/wgphoto.pl\/t\/index.php?rest_route=\/wp\/v2\/posts"}],"about":[{"href":"https:\/\/wgphoto.pl\/t\/index.php?rest_route=\/wp\/v2\/types\/post"}],"author":[{"embeddable":true,"href":"https:\/\/wgphoto.pl\/t\/index.php?rest_route=\/wp\/v2\/users\/1"}],"replies":[{"embeddable":true,"href":"https:\/\/wgphoto.pl\/t\/index.php?rest_route=%2Fwp%2Fv2%2Fcomments&post=18418"}],"version-history":[{"count":1,"href":"https:\/\/wgphoto.pl\/t\/index.php?rest_route=\/wp\/v2\/posts\/18418\/revisions"}],"predecessor-version":[{"id":18420,"href":"https:\/\/wgphoto.pl\/t\/index.php?rest_route=\/wp\/v2\/posts\/18418\/revisions\/18420"}],"wp:featuredmedia":[{"embeddable":true,"href":"https:\/\/wgphoto.pl\/t\/index.php?rest_route=\/wp\/v2\/media\/18419"}],"wp:attachment":[{"href":"https:\/\/wgphoto.pl\/t\/index.php?rest_route=%2Fwp%2Fv2%2Fmedia&parent=18418"}],"wp:term":[{"taxonomy":"category","embeddable":true,"href":"https:\/\/wgphoto.pl\/t\/index.php?rest_route=%2Fwp%2Fv2%2Fcategories&post=18418"},{"taxonomy":"post_tag","embeddable":true,"href":"https:\/\/wgphoto.pl\/t\/index.php?rest_route=%2Fwp%2Fv2%2Ftags&post=18418"}],"curies":[{"name":"wp","href":"https:\/\/api.w.org\/{rel}","templated":true}]}}