{"id":18427,"date":"2025-06-10T22:58:30","date_gmt":"2025-06-10T20:58:30","guid":{"rendered":"https:\/\/wgphoto.pl\/t\/?p=18427"},"modified":"2025-06-10T22:58:30","modified_gmt":"2025-06-10T20:58:30","slug":"mijanka-w-strzyzowie","status":"publish","type":"post","link":"https:\/\/wgphoto.pl\/t\/?p=18427","title":{"rendered":"Mijanka w Strzy\u017cowie"},"content":{"rendered":"\n<figure class=\"wp-block-image aligncenter size-full\"><img loading=\"lazy\" decoding=\"async\" width=\"1300\" height=\"862\" src=\"https:\/\/wgphoto.pl\/t\/wp-content\/uploads\/2025\/06\/0619-35.jpg\" alt=\"\" class=\"wp-image-18428\" srcset=\"https:\/\/wgphoto.pl\/t\/wp-content\/uploads\/2025\/06\/0619-35.jpg 1300w, https:\/\/wgphoto.pl\/t\/wp-content\/uploads\/2025\/06\/0619-35-300x199.jpg 300w, https:\/\/wgphoto.pl\/t\/wp-content\/uploads\/2025\/06\/0619-35-768x509.jpg 768w\" sizes=\"auto, (max-width: 1300px) 100vw, 1300px\" \/><\/figure>\n\n\n\n<div class=\"wp-block-group has-global-padding is-layout-constrained wp-block-group-is-layout-constrained\">\n<p>SU45-511 z poci\u0105giem osobowym 827 z Rzeszowa do Jas\u0142a wje\u017cd\u017ca na stacj\u0119 Strzy\u017c\u00f3w n. Wis\u0142okiem, na s\u0105siednim torze stoi SU42-527 z poci\u0105giem nr 826 relacji przeciwnej. [13.08.2006]<\/p>\n<\/div>\n","protected":false},"excerpt":{"rendered":"<p>SU45-511 z poci\u0105giem osobowym 827 z Rzeszowa do Jas\u0142a wje\u017cd\u017ca na stacj\u0119 Strzy\u017c\u00f3w n. Wis\u0142okiem, na s\u0105siednim torze stoi SU42-527 z poci\u0105giem nr 826 relacji przeciwnej. [13.08.2006]<\/p>\n","protected":false},"author":1,"featured_media":18428,"comment_status":"open","ping_status":"","sticky":false,"template":"","format":"standard","meta":{"footnotes":""},"categories":[62,2,130],"tags":[3792,389,63,27,2231,250,53,2232],"class_list":["post-18427","post","type-post","status-publish","format-standard","has-post-thumbnail","hentry","category-analog","category-kolej","category-rok-2006","tag-2006-08-13","tag-mijanka","tag-pkp","tag-polska","tag-strzyzow-nad-wislokiem","tag-su42","tag-sygnalizacja-ksztaltowa","tag-tab-pl132"],"_links":{"self":[{"href":"https:\/\/wgphoto.pl\/t\/index.php?rest_route=\/wp\/v2\/posts\/18427","targetHints":{"allow":["GET"]}}],"collection":[{"href":"https:\/\/wgphoto.pl\/t\/index.php?rest_route=\/wp\/v2\/posts"}],"about":[{"href":"https:\/\/wgphoto.pl\/t\/index.php?rest_route=\/wp\/v2\/types\/post"}],"author":[{"embeddable":true,"href":"https:\/\/wgphoto.pl\/t\/index.php?rest_route=\/wp\/v2\/users\/1"}],"replies":[{"embeddable":true,"href":"https:\/\/wgphoto.pl\/t\/index.php?rest_route=%2Fwp%2Fv2%2Fcomments&post=18427"}],"version-history":[{"count":1,"href":"https:\/\/wgphoto.pl\/t\/index.php?rest_route=\/wp\/v2\/posts\/18427\/revisions"}],"predecessor-version":[{"id":18429,"href":"https:\/\/wgphoto.pl\/t\/index.php?rest_route=\/wp\/v2\/posts\/18427\/revisions\/18429"}],"wp:featuredmedia":[{"embeddable":true,"href":"https:\/\/wgphoto.pl\/t\/index.php?rest_route=\/wp\/v2\/media\/18428"}],"wp:attachment":[{"href":"https:\/\/wgphoto.pl\/t\/index.php?rest_route=%2Fwp%2Fv2%2Fmedia&parent=18427"}],"wp:term":[{"taxonomy":"category","embeddable":true,"href":"https:\/\/wgphoto.pl\/t\/index.php?rest_route=%2Fwp%2Fv2%2Fcategories&post=18427"},{"taxonomy":"post_tag","embeddable":true,"href":"https:\/\/wgphoto.pl\/t\/index.php?rest_route=%2Fwp%2Fv2%2Ftags&post=18427"}],"curies":[{"name":"wp","href":"https:\/\/api.w.org\/{rel}","templated":true}]}}