{"id":18430,"date":"2025-06-10T22:59:28","date_gmt":"2025-06-10T20:59:28","guid":{"rendered":"https:\/\/wgphoto.pl\/t\/?p=18430"},"modified":"2025-06-10T22:59:28","modified_gmt":"2025-06-10T20:59:28","slug":"mijanka-w-krotoszynie","status":"publish","type":"post","link":"https:\/\/wgphoto.pl\/t\/?p=18430","title":{"rendered":"Mijanka w Krotoszynie"},"content":{"rendered":"\n<figure class=\"wp-block-image aligncenter size-full\"><img loading=\"lazy\" decoding=\"async\" width=\"1300\" height=\"861\" src=\"https:\/\/wgphoto.pl\/t\/wp-content\/uploads\/2025\/06\/0412-12.jpg\" alt=\"\" class=\"wp-image-18431\" srcset=\"https:\/\/wgphoto.pl\/t\/wp-content\/uploads\/2025\/06\/0412-12.jpg 1300w, https:\/\/wgphoto.pl\/t\/wp-content\/uploads\/2025\/06\/0412-12-300x199.jpg 300w, https:\/\/wgphoto.pl\/t\/wp-content\/uploads\/2025\/06\/0412-12-768x509.jpg 768w\" sizes=\"auto, (max-width: 1300px) 100vw, 1300px\" \/><\/figure>\n\n\n\n<div class=\"wp-block-group has-global-padding is-layout-constrained wp-block-group-is-layout-constrained\">\n<p>SU45-096 z poci\u0105giem osobowym 67334 relacji G\u0142og\u00f3w &#8211; Ostr\u00f3w Wielkopolski mija si\u0119 w Krotoszynie z poci\u0105giem 7737 z Ostrowa Wlkp. do Leszna, prowadzonym SU45-092. [14.07.2004]<\/p>\n<\/div>\n","protected":false},"excerpt":{"rendered":"<p>SU45-096 z poci\u0105giem osobowym 67334 relacji G\u0142og\u00f3w &#8211; Ostr\u00f3w Wielkopolski mija si\u0119 w Krotoszynie z poci\u0105giem 7737 z Ostrowa Wlkp. do Leszna, prowadzonym SU45-092. [14.07.2004]<\/p>\n","protected":false},"author":1,"featured_media":18431,"comment_status":"open","ping_status":"","sticky":false,"template":"","format":"standard","meta":{"footnotes":""},"categories":[62,2,61],"tags":[3676,288,3984,24,63,27,290,515],"class_list":["post-18430","post","type-post","status-publish","format-standard","has-post-thumbnail","hentry","category-analog","category-kolej","category-rok-2004","tag-2004-07-14","tag-bipa","tag-krotoszyn","tag-perony","tag-pkp","tag-polska","tag-su45","tag-tab-pl350"],"_links":{"self":[{"href":"https:\/\/wgphoto.pl\/t\/index.php?rest_route=\/wp\/v2\/posts\/18430","targetHints":{"allow":["GET"]}}],"collection":[{"href":"https:\/\/wgphoto.pl\/t\/index.php?rest_route=\/wp\/v2\/posts"}],"about":[{"href":"https:\/\/wgphoto.pl\/t\/index.php?rest_route=\/wp\/v2\/types\/post"}],"author":[{"embeddable":true,"href":"https:\/\/wgphoto.pl\/t\/index.php?rest_route=\/wp\/v2\/users\/1"}],"replies":[{"embeddable":true,"href":"https:\/\/wgphoto.pl\/t\/index.php?rest_route=%2Fwp%2Fv2%2Fcomments&post=18430"}],"version-history":[{"count":1,"href":"https:\/\/wgphoto.pl\/t\/index.php?rest_route=\/wp\/v2\/posts\/18430\/revisions"}],"predecessor-version":[{"id":18432,"href":"https:\/\/wgphoto.pl\/t\/index.php?rest_route=\/wp\/v2\/posts\/18430\/revisions\/18432"}],"wp:featuredmedia":[{"embeddable":true,"href":"https:\/\/wgphoto.pl\/t\/index.php?rest_route=\/wp\/v2\/media\/18431"}],"wp:attachment":[{"href":"https:\/\/wgphoto.pl\/t\/index.php?rest_route=%2Fwp%2Fv2%2Fmedia&parent=18430"}],"wp:term":[{"taxonomy":"category","embeddable":true,"href":"https:\/\/wgphoto.pl\/t\/index.php?rest_route=%2Fwp%2Fv2%2Fcategories&post=18430"},{"taxonomy":"post_tag","embeddable":true,"href":"https:\/\/wgphoto.pl\/t\/index.php?rest_route=%2Fwp%2Fv2%2Ftags&post=18430"}],"curies":[{"name":"wp","href":"https:\/\/api.w.org\/{rel}","templated":true}]}}