{"id":18436,"date":"2025-06-10T23:01:13","date_gmt":"2025-06-10T21:01:13","guid":{"rendered":"https:\/\/wgphoto.pl\/t\/?p=18436"},"modified":"2025-06-10T23:01:13","modified_gmt":"2025-06-10T21:01:13","slug":"dobry-kadr","status":"publish","type":"post","link":"https:\/\/wgphoto.pl\/t\/?p=18436","title":{"rendered":"Dobry kadr"},"content":{"rendered":"\n<figure class=\"wp-block-image aligncenter size-full\"><img loading=\"lazy\" decoding=\"async\" width=\"700\" height=\"1056\" src=\"https:\/\/wgphoto.pl\/t\/wp-content\/uploads\/2025\/06\/2002v-04.jpg\" alt=\"\" class=\"wp-image-18437\" srcset=\"https:\/\/wgphoto.pl\/t\/wp-content\/uploads\/2025\/06\/2002v-04.jpg 700w, https:\/\/wgphoto.pl\/t\/wp-content\/uploads\/2025\/06\/2002v-04-199x300.jpg 199w\" sizes=\"auto, (max-width: 700px) 100vw, 700px\" \/><\/figure>\n\n\n\n<div class=\"wp-block-group has-global-padding is-layout-constrained wp-block-group-is-layout-constrained\">\n<p>Na p\u0119tl\u0119 Grinzing w Wiedniu wje\u017cd\u017ca sk\u0142ad E<sub>2<\/sub>+c<sub>5<\/sub> 4004+1404. Z perspektywy 20 lat niczego bym w tym kadrze nie poprawi\u0142 &#8211; jest wyj\u0105tkowo udany jak na rok wykonania. [06.09.2002]<\/p>\n<\/div>\n","protected":false},"excerpt":{"rendered":"<p>Na p\u0119tl\u0119 Grinzing w Wiedniu wje\u017cd\u017ca sk\u0142ad E2+c5 4004+1404. Z perspektywy 20 lat niczego bym w tym kadrze nie poprawi\u0142 &#8211; jest wyj\u0105tkowo udany jak na rok wykonania. [06.09.2002]<\/p>\n","protected":false},"author":1,"featured_media":18437,"comment_status":"open","ping_status":"","sticky":false,"template":"","format":"standard","meta":{"footnotes":""},"categories":[62,128,577,3],"tags":[3985,34,9,581,101,97,3986],"class_list":["post-18436","post","type-post","status-publish","format-standard","has-post-thumbnail","hentry","category-analog","category-pionowe","category-rok-2002","category-tramwaj","tag-2002-09-06","tag-architektura","tag-austria","tag-e2","tag-gt6","tag-wieden","tag-wl-wien"],"_links":{"self":[{"href":"https:\/\/wgphoto.pl\/t\/index.php?rest_route=\/wp\/v2\/posts\/18436","targetHints":{"allow":["GET"]}}],"collection":[{"href":"https:\/\/wgphoto.pl\/t\/index.php?rest_route=\/wp\/v2\/posts"}],"about":[{"href":"https:\/\/wgphoto.pl\/t\/index.php?rest_route=\/wp\/v2\/types\/post"}],"author":[{"embeddable":true,"href":"https:\/\/wgphoto.pl\/t\/index.php?rest_route=\/wp\/v2\/users\/1"}],"replies":[{"embeddable":true,"href":"https:\/\/wgphoto.pl\/t\/index.php?rest_route=%2Fwp%2Fv2%2Fcomments&post=18436"}],"version-history":[{"count":1,"href":"https:\/\/wgphoto.pl\/t\/index.php?rest_route=\/wp\/v2\/posts\/18436\/revisions"}],"predecessor-version":[{"id":18438,"href":"https:\/\/wgphoto.pl\/t\/index.php?rest_route=\/wp\/v2\/posts\/18436\/revisions\/18438"}],"wp:featuredmedia":[{"embeddable":true,"href":"https:\/\/wgphoto.pl\/t\/index.php?rest_route=\/wp\/v2\/media\/18437"}],"wp:attachment":[{"href":"https:\/\/wgphoto.pl\/t\/index.php?rest_route=%2Fwp%2Fv2%2Fmedia&parent=18436"}],"wp:term":[{"taxonomy":"category","embeddable":true,"href":"https:\/\/wgphoto.pl\/t\/index.php?rest_route=%2Fwp%2Fv2%2Fcategories&post=18436"},{"taxonomy":"post_tag","embeddable":true,"href":"https:\/\/wgphoto.pl\/t\/index.php?rest_route=%2Fwp%2Fv2%2Ftags&post=18436"}],"curies":[{"name":"wp","href":"https:\/\/api.w.org\/{rel}","templated":true}]}}