{"id":18445,"date":"2025-06-10T23:03:54","date_gmt":"2025-06-10T21:03:54","guid":{"rendered":"https:\/\/wgphoto.pl\/t\/?p=18445"},"modified":"2025-06-10T23:03:54","modified_gmt":"2025-06-10T21:03:54","slug":"et22-531-malbork","status":"publish","type":"post","link":"https:\/\/wgphoto.pl\/t\/?p=18445","title":{"rendered":"ET22-531, Malbork"},"content":{"rendered":"\n<figure class=\"wp-block-image aligncenter size-full\"><img loading=\"lazy\" decoding=\"async\" width=\"1300\" height=\"813\" src=\"https:\/\/wgphoto.pl\/t\/wp-content\/uploads\/2025\/06\/0519-28.jpg\" alt=\"\" class=\"wp-image-18446\" srcset=\"https:\/\/wgphoto.pl\/t\/wp-content\/uploads\/2025\/06\/0519-28.jpg 1300w, https:\/\/wgphoto.pl\/t\/wp-content\/uploads\/2025\/06\/0519-28-300x188.jpg 300w, https:\/\/wgphoto.pl\/t\/wp-content\/uploads\/2025\/06\/0519-28-768x480.jpg 768w\" sizes=\"auto, (max-width: 1300px) 100vw, 1300px\" \/><\/figure>\n\n\n\n<div class=\"wp-block-group has-global-padding is-layout-constrained wp-block-group-is-layout-constrained\">\n<p>ET22-531 z CM \u0141azy (zapewne nieplanowo) zapi\u0119\u0142a si\u0119 do poci\u0105gu przyspieszonego 55321 &#8222;Liwa&#8221; z Grudzi\u0105dz do Gdyni, kt\u00f3ry do Malborka przyjecha\u0142 na haku SU45. [28.07.2005]<\/p>\n<\/div>\n","protected":false},"excerpt":{"rendered":"<p>ET22-531 z CM \u0141azy (zapewne nieplanowo) zapi\u0119\u0142a si\u0119 do poci\u0105gu przyspieszonego 55321 &#8222;Liwa&#8221; z Grudzi\u0105dz do Gdyni, kt\u00f3ry do Malborka przyjecha\u0142 na haku SU45. [28.07.2005]<\/p>\n","protected":false},"author":1,"featured_media":18446,"comment_status":"open","ping_status":"","sticky":false,"template":"","format":"standard","meta":{"footnotes":""},"categories":[62,2,311],"tags":[1205,26,3965,63,27,1936,321],"class_list":["post-18445","post","type-post","status-publish","format-standard","has-post-thumbnail","hentry","category-analog","category-kolej","category-rok-2005","tag-2005-07-28","tag-et22","tag-malbork","tag-pkp","tag-polska","tag-tab-pl400","tag-wm10"],"_links":{"self":[{"href":"https:\/\/wgphoto.pl\/t\/index.php?rest_route=\/wp\/v2\/posts\/18445","targetHints":{"allow":["GET"]}}],"collection":[{"href":"https:\/\/wgphoto.pl\/t\/index.php?rest_route=\/wp\/v2\/posts"}],"about":[{"href":"https:\/\/wgphoto.pl\/t\/index.php?rest_route=\/wp\/v2\/types\/post"}],"author":[{"embeddable":true,"href":"https:\/\/wgphoto.pl\/t\/index.php?rest_route=\/wp\/v2\/users\/1"}],"replies":[{"embeddable":true,"href":"https:\/\/wgphoto.pl\/t\/index.php?rest_route=%2Fwp%2Fv2%2Fcomments&post=18445"}],"version-history":[{"count":1,"href":"https:\/\/wgphoto.pl\/t\/index.php?rest_route=\/wp\/v2\/posts\/18445\/revisions"}],"predecessor-version":[{"id":18447,"href":"https:\/\/wgphoto.pl\/t\/index.php?rest_route=\/wp\/v2\/posts\/18445\/revisions\/18447"}],"wp:featuredmedia":[{"embeddable":true,"href":"https:\/\/wgphoto.pl\/t\/index.php?rest_route=\/wp\/v2\/media\/18446"}],"wp:attachment":[{"href":"https:\/\/wgphoto.pl\/t\/index.php?rest_route=%2Fwp%2Fv2%2Fmedia&parent=18445"}],"wp:term":[{"taxonomy":"category","embeddable":true,"href":"https:\/\/wgphoto.pl\/t\/index.php?rest_route=%2Fwp%2Fv2%2Fcategories&post=18445"},{"taxonomy":"post_tag","embeddable":true,"href":"https:\/\/wgphoto.pl\/t\/index.php?rest_route=%2Fwp%2Fv2%2Ftags&post=18445"}],"curies":[{"name":"wp","href":"https:\/\/api.w.org\/{rel}","templated":true}]}}